{"id":2798,"date":"2015-06-30T10:56:54","date_gmt":"2015-06-30T10:56:54","guid":{"rendered":"http:\/\/realitatearutiera.ro\/?p=2798"},"modified":"2015-06-30T10:56:54","modified_gmt":"2015-06-30T10:56:54","slug":"accident-tragic-in-judetul-salaj-s-a-lovit-frontal-de-un-tir","status":"publish","type":"post","link":"https:\/\/realitatearutiera.ro\/?p=2798","title":{"rendered":"Accident tragic \u00een jude\u021bul S\u0103laj. S-a lovit frontal de un TIR"},"content":{"rendered":"<p>Un barbat orginiar din Gherla si-a pierdut viata joi, in urma unui accident produs in judetul Salaj. Evenimentul s-a produs dimineata in jurul orei 8 \u00eentre localit\u0103\u0163ile Rom\u00eena\u015fi \u015fi Cium\u0103rna.<\/p>\n<p>In urma verificarilor, poli\u0163i\u015ftii au stabilit faptul c\u0103 \u015foferul unei autoutilitare Volkswagen, \u00een v\u00e2rst\u0103 de 53 ani, originar din Gherla, a efectuat o manevr\u0103 de dep\u0103\u015fire neregulamentar\u0103 (pe o por\u0163iune de drum \u00een curb\u0103 la dreapta, pe care dep\u0103\u015firea este interzis\u0103, semnalizat\u0103 corespunz\u0103tor prin indicator rutier \u015fi marcaj continuu) a unei c\u0103ru\u0163e care circula \u00een fa\u0163a sa, a p\u0103truns pe sensul opus de mers \u015fi a intrat coliziune frontal\u0103 cu un autotren Scania, inmatriculat in Bucuresti, condus regulamentar de Ioan M., de 44 de ani, din Apahida.<\/p>\n<div>\u00cen urma impactului, \u015foferul autoutilitarei a decedat, iar conduc\u0103torul autotrenului a fost r\u0103nit u\u015for. Cadavrul a fost transportat la morga spitalului \u00een vederea efectu\u0103rii necropsiei.<\/div>\n<p>\u00cen cauz\u0103, cercet\u0103rile continu\u0103 sub aspectul comiterii infrac\u0163iunii de ucidere din culp\u0103 \u015fi v\u0103t\u0103mare corporal\u0103 din culp\u0103.<\/p>\n<p>Persoana decedata, Marius Ciont, originar din Gherla, era stabilit de cativa ani in Cluj-Napoca, si participa cu regularitate la meciuri de volei cu echipa locala OldBoys.<\/p>\n","protected":false},"excerpt":{"rendered":"<p>Un barbat orginiar din Gherla si-a pierdut viata joi, in urma unui accident produs in judetul Salaj. Evenimentul s-a produs<\/p>\n","protected":false},"author":1,"featured_media":2799,"comment_status":"open","ping_status":"open","sticky":false,"template":"","format":"standard","meta":{"spay_email":"","footnotes":"","jetpack_publicize_message":""},"categories":[1,11],"tags":[],"class_list":["post-2798","post","type-post","status-publish","format-standard","has-post-thumbnail","hentry","category-uncategorized","category-stiri-interne"],"jetpack_featured_media_url":"https:\/\/i0.wp.com\/realitatearutiera.ro\/wp-content\/uploads\/2015\/06\/accsalaj2.jpg?fit=660%2C330&ssl=1","jetpack_publicize_connections":[],"jetpack_sharing_enabled":true,"jetpack_shortlink":"https:\/\/wp.me\/p61naM-J8","jetpack-related-posts":[],"_links":{"self":[{"href":"https:\/\/realitatearutiera.ro\/index.php?rest_route=\/wp\/v2\/posts\/2798","targetHints":{"allow":["GET"]}}],"collection":[{"href":"https:\/\/realitatearutiera.ro\/index.php?rest_route=\/wp\/v2\/posts"}],"about":[{"href":"https:\/\/realitatearutiera.ro\/index.php?rest_route=\/wp\/v2\/types\/post"}],"author":[{"embeddable":true,"href":"https:\/\/realitatearutiera.ro\/index.php?rest_route=\/wp\/v2\/users\/1"}],"replies":[{"embeddable":true,"href":"https:\/\/realitatearutiera.ro\/index.php?rest_route=%2Fwp%2Fv2%2Fcomments&post=2798"}],"version-history":[{"count":1,"href":"https:\/\/realitatearutiera.ro\/index.php?rest_route=\/wp\/v2\/posts\/2798\/revisions"}],"predecessor-version":[{"id":2800,"href":"https:\/\/realitatearutiera.ro\/index.php?rest_route=\/wp\/v2\/posts\/2798\/revisions\/2800"}],"wp:featuredmedia":[{"embeddable":true,"href":"https:\/\/realitatearutiera.ro\/index.php?rest_route=\/wp\/v2\/media\/2799"}],"wp:attachment":[{"href":"https:\/\/realitatearutiera.ro\/index.php?rest_route=%2Fwp%2Fv2%2Fmedia&parent=2798"}],"wp:term":[{"taxonomy":"category","embeddable":true,"href":"https:\/\/realitatearutiera.ro\/index.php?rest_route=%2Fwp%2Fv2%2Fcategories&post=2798"},{"taxonomy":"post_tag","embeddable":true,"href":"https:\/\/realitatearutiera.ro\/index.php?rest_route=%2Fwp%2Fv2%2Ftags&post=2798"}],"curies":[{"name":"wp","href":"https:\/\/api.w.org\/{rel}","templated":true}]}}