{"id":28056,"date":"2017-10-17T08:08:51","date_gmt":"2017-10-17T05:08:51","guid":{"rendered":"http:\/\/realitatearutiera.ro\/?p=28056"},"modified":"2017-10-17T08:08:51","modified_gmt":"2017-10-17T05:08:51","slug":"atentie-soferi-3","status":"publish","type":"post","link":"https:\/\/realitatearutiera.ro\/?p=28056","title":{"rendered":"Aten\u021bie \u0219oferi!"},"content":{"rendered":"<hr \/>\n<p><strong>Centrul INFOTRAFIC din Inspectoratul General al Poli\u0163iei Rom\u00e2ne informeaz\u0103 care sunt problemele existente, la aceast\u0103 or\u0103 a dimine\u021bii, \u00een trafic. A\u0219adar, nu pleca\u021bi la drum \u00eenainte s\u0103 fi\u021bi informa\u021bi, tocmai pentru a evita eventualele incidente. S\u0103 ave\u021bi o diminea\u021b\u0103 f\u0103r\u0103 aglomera\u021bie \u00een trafic!<\/strong><\/p>\n<div id=\"ado300x250Googlecontent\"><\/div>\n<div class=\"corp-articol\">\n<p><strong>\u00cen jude\u0163ul Ialomi\u0163a, p<\/strong>\u00e2n\u0103 \u00een data de 18 octombrie, ora 16:00, este \u00eenchis DN1D Urziceni &#8211; Albe\u015fti-Paleologu, la kilometrul 40+350 de metri, \u00een vederea execut\u0103rii unor lucr\u0103ri la o trecere la nivel cu calea ferat\u0103, \u00een localitatea B\u0103rbule\u0219ti. Pe perioada lucr\u0103rilor, traficul rutier se va desf\u0103\u015fura deviat, pe ruta DN 2 (Co\u0219ereni &#8211; sens giratoriu provizoriu) &#8211; DJ 201A &#8211; DJ 101- DN1D &#8211; cu nodurile \u00een localit\u0103\u021bile Co\u0219ereni &#8211; Moldoveni &#8211; Jilavele. Dirijarea \u015fi informarea participan\u0163ilor la trafic vor fi realizate prin indicatore rutiere de orientare amplasate \u00eenaintea intersec\u021bilor importante.<\/p>\n<p><strong>Pe autostrada A1 Deva-Sibiu, la\u00a0<\/strong>kilometrul 315 (\u00een zona Sebe\u015f-Pianu), circula\u0163ia se desf\u0103\u015foar\u0103 doar pe banda a doua, deoarece se execut\u0103 lucr\u0103ri de consolidare a terasamentului pe direc\u0163ia Sibiu. Le recomand\u0103m conduc\u0103torilor auto s\u0103 se \u00eencadreze din timp pe benzile deschise.<\/p>\n<p><strong>Pe DN73C, \u00een jude\u021bele Arge\u0219 \u015fi V\u00e2lcea,\u00a0<\/strong>din cauza unor alunec\u0103ri de teren, pe tronsonul Curtea de Arge\u015f &#8211; Burlu\u015fi, \u00eentre kilometrii 46 \u0219i 56, este restric\u0163ionat\u0103 circula\u0163ia autovehiculelor cu masa total\u0103 maxim\u0103 autorizat\u0103 mai mare de 12,5 tone, iar pe tronsonul Burlu\u015fi &#8211; Piatra, \u00eentre kilometrii 56 \u015fi 61, nu este permis accesul autovehiculelor cu masa total\u0103 maxim\u0103 autorizat\u0103 mai mare de 7,5 tone. Ruta ocolitoare pentru autovehiculele cu masa total\u0103 maxim\u0103 autorizat\u0103 mai mic\u0103 de 12,5 tone este DN73C Burlu\u015fi &#8211; DJ678A &#8211; DN7 Dedule\u015fti.<\/p>\n<p>Sursa:evz.ro<\/p>\n<\/div>\n","protected":false},"excerpt":{"rendered":"<p>Centrul INFOTRAFIC din Inspectoratul General al Poli\u0163iei Rom\u00e2ne informeaz\u0103 care sunt problemele existente, la aceast\u0103 or\u0103 a dimine\u021bii, \u00een trafic.<\/p>\n","protected":false},"author":1,"featured_media":27311,"comment_status":"closed","ping_status":"closed","sticky":false,"template":"","format":"standard","meta":{"spay_email":"","footnotes":"","jetpack_publicize_message":""},"categories":[54],"tags":[],"class_list":["post-28056","post","type-post","status-publish","format-standard","has-post-thumbnail","hentry","category-informatii-rutiere"],"jetpack_featured_media_url":"https:\/\/i2.wp.com\/realitatearutiera.ro\/wp-content\/uploads\/2017\/09\/infotrafic.jpg?fit=630%2C365&ssl=1","jetpack_publicize_connections":[],"jetpack_sharing_enabled":true,"jetpack_shortlink":"https:\/\/wp.me\/p61naM-7iw","jetpack-related-posts":[],"_links":{"self":[{"href":"https:\/\/realitatearutiera.ro\/index.php?rest_route=\/wp\/v2\/posts\/28056","targetHints":{"allow":["GET"]}}],"collection":[{"href":"https:\/\/realitatearutiera.ro\/index.php?rest_route=\/wp\/v2\/posts"}],"about":[{"href":"https:\/\/realitatearutiera.ro\/index.php?rest_route=\/wp\/v2\/types\/post"}],"author":[{"embeddable":true,"href":"https:\/\/realitatearutiera.ro\/index.php?rest_route=\/wp\/v2\/users\/1"}],"replies":[{"embeddable":true,"href":"https:\/\/realitatearutiera.ro\/index.php?rest_route=%2Fwp%2Fv2%2Fcomments&post=28056"}],"version-history":[{"count":1,"href":"https:\/\/realitatearutiera.ro\/index.php?rest_route=\/wp\/v2\/posts\/28056\/revisions"}],"predecessor-version":[{"id":28057,"href":"https:\/\/realitatearutiera.ro\/index.php?rest_route=\/wp\/v2\/posts\/28056\/revisions\/28057"}],"wp:featuredmedia":[{"embeddable":true,"href":"https:\/\/realitatearutiera.ro\/index.php?rest_route=\/wp\/v2\/media\/27311"}],"wp:attachment":[{"href":"https:\/\/realitatearutiera.ro\/index.php?rest_route=%2Fwp%2Fv2%2Fmedia&parent=28056"}],"wp:term":[{"taxonomy":"category","embeddable":true,"href":"https:\/\/realitatearutiera.ro\/index.php?rest_route=%2Fwp%2Fv2%2Fcategories&post=28056"},{"taxonomy":"post_tag","embeddable":true,"href":"https:\/\/realitatearutiera.ro\/index.php?rest_route=%2Fwp%2Fv2%2Ftags&post=28056"}],"curies":[{"name":"wp","href":"https:\/\/api.w.org\/{rel}","templated":true}]}}