{"id":28064,"date":"2017-10-17T08:26:35","date_gmt":"2017-10-17T05:26:35","guid":{"rendered":"http:\/\/realitatearutiera.ro\/?p=28064"},"modified":"2017-10-17T08:26:35","modified_gmt":"2017-10-17T05:26:35","slug":"ziua-internationala-pentru-eradicarea-saraciei","status":"publish","type":"post","link":"https:\/\/realitatearutiera.ro\/?p=28064","title":{"rendered":"Ziua interna\u021bional\u0103 pentru eradicarea s\u0103r\u0103ciei"},"content":{"rendered":"<p class=\"intro\"><img loading=\"lazy\" decoding=\"async\" class=\"\" src=\"https:\/\/i1.wp.com\/www.radiocraiova.ro\/wp-content\/uploads\/2015\/10\/calendar-ecologic-28-728.jpg?resize=379%2C285\" alt=\"Imagini pentru Ziua interna\u021bional\u0103 pentru eradicarea s\u0103r\u0103ciei\" width=\"379\" height=\"285\" data-recalc-dims=\"1\" \/><\/p>\n<p class=\"intro\">Prin Rezolu\u021bia 47\/196 adoptat\u0103 la 22 decembrie 1992, Adunarea General\u0103 a Organiza\u021biei Na\u021biunilor Unite (ONU) a declarat 17 octombrie ca Zi interna\u021bional\u0103 pentru eradicarea s\u0103r\u0103ciei \u0219i a invitat toate statele s\u0103 dedice acesteia, \u00een contextul na\u021bional, activit\u0103\u021bi concrete \u00een ceea ce prive\u0219te eradicarea s\u0103r\u0103ciei.<\/p>\n<div class=\"image-wrapper medium-image mb25\"><img loading=\"lazy\" decoding=\"async\" class=\"\" src=\"https:\/\/www.agerpres.ro\/agerpres\/imageResize?path=%2Fmedia%2Fimages%2F2017-10%2F10170334245613002.jpg&amp;size=6\" width=\"380\" height=\"253\" \/><\/div>\n<p>De asemenea, potrivit ONU, Rezolu\u021bia invit\u0103 organiza\u021biile interguvernamentale \u0219i non-guvernamentale s\u0103 sprijine statele, la cererea acestora, \u00een organizarea activit\u0103\u021bilor la nivel na\u021bional \u00een vederea marc\u0103rii acestei zile.<\/p>\n<p>Alegerea datei privind marcarea Zilei interna\u021bionale pentru eradicarea s\u0103r\u0103ciei a avut \u00een vederea ziua de 17 octombrie a anului 1987, c\u00e2nd peste o sut\u0103 de mii de oameni s-au adunat \u00een Pia\u021ba Trocadero din Paris, unde a fost semnat\u0103 Declara\u021bia Universal\u0103 a Drepturilor Omului \u00een 1948, \u00een semn de solidaritate cu victimele s\u0103r\u0103ciei extreme, a violen\u021bei \u0219i a foametei.<\/p>\n<p>Manifestan\u021bii, veni\u021bi la \u00eendemnul preotului catolic Joseph Wresinski, au declarat c\u0103 s\u0103r\u0103cia este o \u00eenc\u0103lcare a drepturilor omului \u0219i au afirmat necesitatea de a se aduna pentru a se asigura c\u0103 aceste drepturi sunt respectate. Aceste convingeri au fost \u00eenscrise pe o piatr\u0103 comemorativ\u0103 inaugurat\u0103 \u00een aceea\u0219i zi.<\/p>\n<p>Reproduceri ale pietrei comemorative au fost dezvelite \u00een \u00eentreaga lume, servind ca loc de adunare pentru a s\u0103rb\u0103tori Ziua interna\u021bional\u0103 pentru eradicarea s\u0103r\u0103ciei. O astfel de replic\u0103 este situat\u0103 \u00een gr\u0103dina sediului Na\u021biunilor Unite \u0219i este locul unde anual au loc ceremonii organizate de c\u0103tre Secretariatul Na\u021biunilor Unite din New York.<\/p>\n<p>Edi\u021bia din anul acesta a Zilei interna\u021bionale pentru eradicarea s\u0103r\u0103ciei este una aniversar\u0103, la \u00eemplinirea a 25 de ani de c\u00e2nd Adunarea Generale a Organiza\u021biei Na\u021biunilor Unite a decis marcarea sa. De asemenea, \u00een 2017 are loc \u0219i cea de-a 30-a aniversare de la e inaugurarea pl\u0103cii comemorative a victimelor s\u0103r\u0103ciei, \u00een Pia\u021ba Trocadero din Paris.<\/p>\n<p>Tema din 2017, &#8220;R\u0103spunsul la chemarea de a pune cap\u0103t s\u0103r\u0103ciei: o cale c\u0103tre societ\u0103\u021bi pa\u0219nice \u0219i favorabile incluziunii&#8221;, a fost aleas\u0103 de ONU, \u00een consultare cu persoanele care tr\u0103iesc \u00een s\u0103r\u0103cie \u0219i cu organiza\u021biile societ\u0103\u021bii civile. Aceasta are \u00een vedere faptul c\u0103 oamenii trebuie s\u0103 se uneasc\u0103 pentru a pune cap\u0103t s\u0103r\u0103ciei \u0219i discrimin\u0103rii, pentru a construi un viitor durabil \u00een care nevoile prezentului s\u0103 fie \u00eemplinite, f\u0103r\u0103 a compromite capacitatea genera\u021biilor viitoare de a satisface propriile nevoi.<\/p>\n<p>Ziua interna\u021bional\u0103 pentru eradicarea s\u0103r\u0103ciei reprezint\u0103 o oportunitate de a aprecia efortul \u0219i lupta persoanelor care tr\u0103iesc \u00een s\u0103r\u0103cie, o \u0219ans\u0103 pentru ca acestea s\u0103-\u0219i fac\u0103 auzite preocup\u0103rile \u0219i un moment pentru a recunoa\u0219te faptul c\u0103 oamenii s\u0103raci sunt primii care lupt\u0103 \u00eempotriva s\u0103r\u0103ciei.<\/p>\n<p>Tema din 2016, &#8220;Trecerea de la umilin\u021b\u0103 \u0219i excludere la participare: eradicarea s\u0103r\u0103ciei sub toate formele sale&#8221;, aleas\u0103 \u00een urma consult\u0103rii cu activi\u0219tii, societatea civil\u0103 \u0219i organiza\u021biile neguvernamentale, sublinia c\u00e2t de important este s\u0103 fie recunoscute \u0219i abordate umilin\u021ba \u0219i excluderea suferite de mul\u021bi oameni care tr\u0103iesc \u00een s\u0103r\u0103cie.<\/p>\n<p>Sursa:agerpres.ro<\/p>\n","protected":false},"excerpt":{"rendered":"<p>Prin Rezolu\u021bia 47\/196 adoptat\u0103 la 22 decembrie 1992, Adunarea General\u0103 a Organiza\u021biei Na\u021biunilor Unite (ONU) a declarat 17 octombrie ca<\/p>\n","protected":false},"author":1,"featured_media":0,"comment_status":"closed","ping_status":"closed","sticky":false,"template":"","format":"standard","meta":{"spay_email":"","footnotes":"","jetpack_publicize_message":""},"categories":[1],"tags":[],"class_list":["post-28064","post","type-post","status-publish","format-standard","hentry","category-uncategorized"],"jetpack_featured_media_url":"","jetpack_publicize_connections":[],"jetpack_sharing_enabled":true,"jetpack_shortlink":"https:\/\/wp.me\/p61naM-7iE","jetpack-related-posts":[],"_links":{"self":[{"href":"https:\/\/realitatearutiera.ro\/index.php?rest_route=\/wp\/v2\/posts\/28064","targetHints":{"allow":["GET"]}}],"collection":[{"href":"https:\/\/realitatearutiera.ro\/index.php?rest_route=\/wp\/v2\/posts"}],"about":[{"href":"https:\/\/realitatearutiera.ro\/index.php?rest_route=\/wp\/v2\/types\/post"}],"author":[{"embeddable":true,"href":"https:\/\/realitatearutiera.ro\/index.php?rest_route=\/wp\/v2\/users\/1"}],"replies":[{"embeddable":true,"href":"https:\/\/realitatearutiera.ro\/index.php?rest_route=%2Fwp%2Fv2%2Fcomments&post=28064"}],"version-history":[{"count":1,"href":"https:\/\/realitatearutiera.ro\/index.php?rest_route=\/wp\/v2\/posts\/28064\/revisions"}],"predecessor-version":[{"id":28065,"href":"https:\/\/realitatearutiera.ro\/index.php?rest_route=\/wp\/v2\/posts\/28064\/revisions\/28065"}],"wp:attachment":[{"href":"https:\/\/realitatearutiera.ro\/index.php?rest_route=%2Fwp%2Fv2%2Fmedia&parent=28064"}],"wp:term":[{"taxonomy":"category","embeddable":true,"href":"https:\/\/realitatearutiera.ro\/index.php?rest_route=%2Fwp%2Fv2%2Fcategories&post=28064"},{"taxonomy":"post_tag","embeddable":true,"href":"https:\/\/realitatearutiera.ro\/index.php?rest_route=%2Fwp%2Fv2%2Ftags&post=28064"}],"curies":[{"name":"wp","href":"https:\/\/api.w.org\/{rel}","templated":true}]}}