{"id":28436,"date":"2017-10-25T11:34:12","date_gmt":"2017-10-25T08:34:12","guid":{"rendered":"http:\/\/realitatearutiera.ro\/?p=28436"},"modified":"2017-10-25T11:34:12","modified_gmt":"2017-10-25T08:34:12","slug":"o-tanara-de-32-de-ani-si-a-pierdut-viata-intr-un-cumplit-accident-pe-drumul-roman-iasi","status":"publish","type":"post","link":"https:\/\/realitatearutiera.ro\/?p=28436","title":{"rendered":"O t\u00e2n\u0103r\u0103 de 32 de ani \u0219i-a pierdut via\u021ba \u00ceNTR-UN CUMPLIT ACCIDENT pe drumul  Roman &#8211; Ia\u0219i"},"content":{"rendered":"<div class=\"text-parag strong\">\n<p>O t\u00e2n\u0103r\u0103 \u00een v\u00e2rst\u0103 de 32 de ani \u015fi-a pierdut via\u0163a \u00een urma unui accident rutier care a avut loc ieri la amiaz\u0103, \u00een curbele din zona Trei Iazuri, iar un b\u0103rbat a fost r\u0103nit grav.<\/p>\n<\/div>\n<div class=\"details-text text-parag\">\n<p>Accidentul a avut loc \u00een jurul orei 15, atunci c\u00e2nd Alexandrina Rotaru, \u00een v\u00e2rst\u0103 de 32 de ani, \u00een timp ce se afla la volanul unui autotu\u00adrism BMW \u015fi circula dinspre Roman c\u0103tre Ia\u015fi, din cauza vitezei \u015fi a \u015foselei umede, \u00eentr-o curb\u0103 la dreapta a pierdut controlul volanului.<\/p>\n<p>Autoturismul s-ar fi \u00eenv\u00e2rtit \u00een loc, ar fi p\u0103truns pe contrasens \u015fi a fost izbit de un autoturism Logan care circula \u00een sens invers. Autoturismul Logan avea numere de \u00eenmatriculare de Bac\u0103u \u015fi era condus de c\u0103tre un b\u0103rbat \u00een v\u00e2rst\u0103 de 48 de ani, Constantin Br\u00e2nz\u0103.<\/p>\n<p>Poli\u0163i\u015ftii au precizat c\u0103 \u00een acest caz a fost deschis un dosar penal \u015fi sunt cercetate \u00eemprejur\u0103rile \u00een care a avut loc acest accident grav.<\/p>\n<p><em><strong>\u201ePoli\u0163i\u015ftii au fost sesiza\u0163i despre faptul c\u0103 \u00eentre T\u00e2rgu Frumos \u015fi Roman a avut loc un accident rutier \u00een care au fost implicate dou\u0103 autoturisme, iar dou\u0103 persoane au fost r\u0103nite grav. Ulterior, o persoan\u0103 a decedat, fiind vorba despre o femeie \u00een v\u00e2rst\u0103 de 32 de ani. \u015eoferul autoturismului Logan a fost transportat la spital pentru a primi \u00eengrijiri medicale\u201c<\/strong><\/em>, a precizat Anca V\u00eejiac, din cadrul Poli\u0163iei.<\/p>\n<p>Din primele cercet\u0103ri f\u0103cute de c\u0103tre poli\u0163i\u015ftii criminali\u015fti la fa\u0163a locului, a reie\u015fit faptul c\u0103 accidentul s-a produs pe fondul neadapt\u0103rii vitezei la carosabilul ud, dar \u015fi a faptului c\u0103 \u015foferi\u0163a nu purta centura de siguran\u0163\u0103. Autoturismul BMW condus de c\u0103tre aceasta a fost lovit \u00een partea din spate, iar corpul ei a fost aruncat \u00een partea din spate, lovindu-se puternic la cap.<\/p>\n<p>La o or\u0103 de la producerea accidentului, so\u0163ul tinerei a venit la fa\u0163a locului \u015fi a spus c\u0103 ea urma s\u0103 ajung\u0103 la Ia\u015fi, unde urma s\u0103 se \u00eent\u00e2lneasc\u0103. A fost \u00eentrebat de c\u0103tre jurnali\u015ftii\u00a0<strong>\u201eZiarului de Ia\u015fi\u201c<\/strong>dac\u0103 \u015ftie care este motivul grabei so\u0163iei, acesta a r\u0103spuns c\u0103 so\u0163ia lui obi\u015fnuia s\u0103 circule cu vitez\u0103. Poli\u0163i\u015ftii au g\u0103sit \u00een ma\u015fina tinerei mai multe dosare, cel mai probabil de contabilitate.<\/p>\n<p>B\u0103rbatul din Logan a fost transportat la spital cu politraumatisme, fractur\u0103 de bazin \u015fi \u015foc hemoragic.<\/p>\n<p>sursa: ziarul de iasi<\/p>\n<\/div>\n","protected":false},"excerpt":{"rendered":"<p>O t\u00e2n\u0103r\u0103 \u00een v\u00e2rst\u0103 de 32 de ani \u015fi-a pierdut via\u0163a \u00een urma unui accident rutier care a avut loc<\/p>\n","protected":false},"author":1,"featured_media":28438,"comment_status":"closed","ping_status":"closed","sticky":false,"template":"","format":"standard","meta":{"spay_email":"","footnotes":"","jetpack_publicize_message":""},"categories":[1],"tags":[],"class_list":["post-28436","post","type-post","status-publish","format-standard","has-post-thumbnail","hentry","category-uncategorized"],"jetpack_featured_media_url":"https:\/\/i0.wp.com\/realitatearutiera.ro\/wp-content\/uploads\/2017\/10\/accident-trei-iazuri-4.jpg?fit=1600%2C1200&ssl=1","jetpack_publicize_connections":[],"jetpack_sharing_enabled":true,"jetpack_shortlink":"https:\/\/wp.me\/p61naM-7oE","jetpack-related-posts":[],"_links":{"self":[{"href":"https:\/\/realitatearutiera.ro\/index.php?rest_route=\/wp\/v2\/posts\/28436","targetHints":{"allow":["GET"]}}],"collection":[{"href":"https:\/\/realitatearutiera.ro\/index.php?rest_route=\/wp\/v2\/posts"}],"about":[{"href":"https:\/\/realitatearutiera.ro\/index.php?rest_route=\/wp\/v2\/types\/post"}],"author":[{"embeddable":true,"href":"https:\/\/realitatearutiera.ro\/index.php?rest_route=\/wp\/v2\/users\/1"}],"replies":[{"embeddable":true,"href":"https:\/\/realitatearutiera.ro\/index.php?rest_route=%2Fwp%2Fv2%2Fcomments&post=28436"}],"version-history":[{"count":1,"href":"https:\/\/realitatearutiera.ro\/index.php?rest_route=\/wp\/v2\/posts\/28436\/revisions"}],"predecessor-version":[{"id":28442,"href":"https:\/\/realitatearutiera.ro\/index.php?rest_route=\/wp\/v2\/posts\/28436\/revisions\/28442"}],"wp:featuredmedia":[{"embeddable":true,"href":"https:\/\/realitatearutiera.ro\/index.php?rest_route=\/wp\/v2\/media\/28438"}],"wp:attachment":[{"href":"https:\/\/realitatearutiera.ro\/index.php?rest_route=%2Fwp%2Fv2%2Fmedia&parent=28436"}],"wp:term":[{"taxonomy":"category","embeddable":true,"href":"https:\/\/realitatearutiera.ro\/index.php?rest_route=%2Fwp%2Fv2%2Fcategories&post=28436"},{"taxonomy":"post_tag","embeddable":true,"href":"https:\/\/realitatearutiera.ro\/index.php?rest_route=%2Fwp%2Fv2%2Ftags&post=28436"}],"curies":[{"name":"wp","href":"https:\/\/api.w.org\/{rel}","templated":true}]}}