{"id":28527,"date":"2017-10-26T13:36:11","date_gmt":"2017-10-26T10:36:11","guid":{"rendered":"http:\/\/realitatearutiera.ro\/?p=28527"},"modified":"2017-10-26T13:36:11","modified_gmt":"2017-10-26T10:36:11","slug":"a-supravietuit-in-legiunea-straina-dar-a-pierit-intr-un-groaznic-accident-acasa-la-braila","status":"publish","type":"post","link":"https:\/\/realitatearutiera.ro\/?p=28527","title":{"rendered":"A supravie\u021buit \u00een Legiunea Str\u0103in\u0103, dar a pierit \u00eentr-un groaznic accident, acas\u0103, la Br\u0103ila"},"content":{"rendered":"<p>Un b\u0103rbat de 37 de ani din Br\u0103ila, \u00eentors de c\u00e2\u021biva ani din Legiunea Str\u0103in\u0103, a murit \u00eentr-un cumplit accident la Br\u0103ila.<\/p>\n<p>Evenimentul s-a produs \u00eentre localit\u0103\u021bile Albina \u0219i Valea C\u00e2penii, pe Drumul European 584, potrivit\u00a0<a href=\"http:\/\/obiectivbr.ro\/content\/patronul-discotecii-din-gradi%C8%99tea-mort-%C3%AEn-accident-rutier\" target=\"_blank\" rel=\"noopener noreferrer\">Obiectivbr.ro<\/a>. B\u0103rbatul, aflat la volanul unei dubi\u021be de marf\u0103, nu ar fi p\u0103strat distan\u021ba corespunz\u0103toare fa\u021b\u0103 de TIR-ul care circula \u00eenaintea sa \u0219i a intrat \u00een autotren.\u00a0Ulterior, dubi\u021ba a luat foc.<\/p>\n<p>Daniel Negoi\u021b\u0103 a suferit r\u0103ni grave, a fost transportat la spital, \u00eens\u0103 medicii nu au mai putut face nimic s\u0103-i salveze via\u021ba.<\/p>\n<p>\u0218oferul TIR-ului a fost testat cu aparatul etilotest, \u00eens\u0103 rezultatul a ie\u0219it negativ.<\/p>\n<p>B\u0103rbatul locuia \u00een municipiu \u0219i de\u021binea discoteca \u201eDMX\u201d din localitatea Gr\u0103di\u0219tea. Era c\u0103s\u0103torit \u0219i avea o feti\u021b\u0103. Potrivit debr\u0103ila.ro, Negoi\u021b\u0103 activase \u00een trecut \u00een Legiunea Str\u0103in\u0103, \u00eenainte de a se \u00eentoarce acas\u0103.<\/p>\n<p>Sursa:realitatea.net<\/p>\n","protected":false},"excerpt":{"rendered":"<p>Un b\u0103rbat de 37 de ani din Br\u0103ila, \u00eentors de c\u00e2\u021biva ani din Legiunea Str\u0103in\u0103, a murit \u00eentr-un cumplit accident<\/p>\n","protected":false},"author":1,"featured_media":28528,"comment_status":"closed","ping_status":"closed","sticky":false,"template":"","format":"standard","meta":{"spay_email":"","footnotes":"","jetpack_publicize_message":""},"categories":[1],"tags":[],"class_list":["post-28527","post","type-post","status-publish","format-standard","has-post-thumbnail","hentry","category-uncategorized"],"jetpack_featured_media_url":"https:\/\/i0.wp.com\/realitatearutiera.ro\/wp-content\/uploads\/2017\/10\/dubita.jpg?fit=728%2C413&ssl=1","jetpack_publicize_connections":[],"jetpack_sharing_enabled":true,"jetpack_shortlink":"https:\/\/wp.me\/p61naM-7q7","jetpack-related-posts":[],"_links":{"self":[{"href":"https:\/\/realitatearutiera.ro\/index.php?rest_route=\/wp\/v2\/posts\/28527","targetHints":{"allow":["GET"]}}],"collection":[{"href":"https:\/\/realitatearutiera.ro\/index.php?rest_route=\/wp\/v2\/posts"}],"about":[{"href":"https:\/\/realitatearutiera.ro\/index.php?rest_route=\/wp\/v2\/types\/post"}],"author":[{"embeddable":true,"href":"https:\/\/realitatearutiera.ro\/index.php?rest_route=\/wp\/v2\/users\/1"}],"replies":[{"embeddable":true,"href":"https:\/\/realitatearutiera.ro\/index.php?rest_route=%2Fwp%2Fv2%2Fcomments&post=28527"}],"version-history":[{"count":1,"href":"https:\/\/realitatearutiera.ro\/index.php?rest_route=\/wp\/v2\/posts\/28527\/revisions"}],"predecessor-version":[{"id":28529,"href":"https:\/\/realitatearutiera.ro\/index.php?rest_route=\/wp\/v2\/posts\/28527\/revisions\/28529"}],"wp:featuredmedia":[{"embeddable":true,"href":"https:\/\/realitatearutiera.ro\/index.php?rest_route=\/wp\/v2\/media\/28528"}],"wp:attachment":[{"href":"https:\/\/realitatearutiera.ro\/index.php?rest_route=%2Fwp%2Fv2%2Fmedia&parent=28527"}],"wp:term":[{"taxonomy":"category","embeddable":true,"href":"https:\/\/realitatearutiera.ro\/index.php?rest_route=%2Fwp%2Fv2%2Fcategories&post=28527"},{"taxonomy":"post_tag","embeddable":true,"href":"https:\/\/realitatearutiera.ro\/index.php?rest_route=%2Fwp%2Fv2%2Ftags&post=28527"}],"curies":[{"name":"wp","href":"https:\/\/api.w.org\/{rel}","templated":true}]}}