{"id":28708,"date":"2017-10-31T10:00:22","date_gmt":"2017-10-31T08:00:22","guid":{"rendered":"http:\/\/realitatearutiera.ro\/?p=28708"},"modified":"2017-10-31T10:00:22","modified_gmt":"2017-10-31T08:00:22","slug":"semnal-de-alarma-de-la-meteorologi-vine-o-iarna-de-cosmar-cu-ger-naprasnic-prognoza-meteo","status":"publish","type":"post","link":"https:\/\/realitatearutiera.ro\/?p=28708","title":{"rendered":"SEMNAL DE ALARM\u0102 de la meteorologi: vine o iarn\u0103 de co\u0219mar, cu ger n\u0103prasnic! PROGNOZ\u0102 METEO"},"content":{"rendered":"<h2>Administra\u021bia Na\u021bional\u0103 de Meteorologie(ANM) a f\u0103cut public\u0103 prognoza pentru urm\u0103toarele trei luni. Dac\u0103 \u00een noiembrie va fi vreme cald\u0103, cu ploi abundente, \u00een decembrie vom avea parte de lapovi\u021be \u0219i ninsori, iar \u00een ianuarie vor lovi gerul cumplit \u0219i viscolul.<\/h2>\n<p>Precipita\u021biile se anun\u021b\u0103 excedentare, raportat la media multianual\u0103 a fiec\u0103rei luni, arat\u0103 prognoza de specialitate, valabil\u0103 pentru intervalul noiembrie 2017 &#8211; ianuarie 2018, publicat\u0103 de ANM. \u00cen luna noiembrie, temperaturile medii vor avea valori peste normalul climatologic \u00een sud, sud-est \u0219i local \u00een vest \u0219i vor fi apropiate de normal \u00een celelalte regiuni ale Rom\u00e2niei, \u00een condi\u021biile \u00een care media multianual\u0103 a lunii este de 3,8 grade Celsius. Speciali\u0219tii estimeaz\u0103 valori medii de temperatur\u0103 de p\u00e2n\u0103 la 8 grade Celsius \u00een Dobrogea, de p\u00e2n\u0103 la 7 grade \u00een Muntenia, Oltenia, Cri\u0219ana, respectiv de p\u00e2n\u0103 la 5 grade \u00een Moldova.<\/p>\n<p>Cantit\u0103\u021bile totale lunare de precipita\u021bii vor fi excedentare \u00een cea mai mare parte a \u021b\u0103rii, except\u00e2nd areale restr\u00e2nse din vest \u0219i sud, unde vor fi apropiate de mediile multianuale, de 41,5 litri\/mp.<\/p>\n<h2>Trei grade \u00een Dobrogea<\/h2>\n<p>\u00cen decembrie, temperatura medie lunar\u0103 a aerului va avea, \u00een general, valori apropiate de media multianual\u0103, adic\u0103 -0,8 grade Celsius, fiind lua\u021bi \u00een calcul parametrii monitoriza\u021bi \u00een intervalul 1981 \u2014 2010.<\/p>\n<p>Cel mai frig va fi \u00een Moldova \u0219i Transilvania, de p\u00e2n\u0103 la minus 5 grade Celsius, \u00een timp ce \u00een Dobrogea se estimeaz\u0103 temperaturi de p\u00e2n\u0103 la 3 grade, iar \u00een Banat de 2 grade Celsius. Precipita\u021biile totale lunare vor fi local excedentare \u00een regiunile centrale, estice \u0219i sud-estice \u0219i apropiate de mediile climatologice (44,8 l\/mp) \u00een restul teritoriului.<\/p>\n<h2>Precipita\u021bii abundente \u00een centrul \u021b\u0103rii<\/h2>\n<p>Conform estim\u0103rilor meteorologilor, luna ianuarie vine cu o temperatur\u0103 medie lunar\u0103 care va avea valori sub media climatologic\u0103 (-2,1 grade Celsius), local, \u00een nordul \u0219i centrul \u021b\u0103rii \u0219i apropiate de normal \u00een celelalte regiuni. Cel mai frig va fi \u00een Transilvania (p\u00e2n\u0103 la\u20147 grade), dar \u0219i \u00een Moldova (-6 grade). Mai cald va fi \u00een Dobrogea (2 grade), Banat \u0219i Cri\u0219ana (p\u00e2n\u0103 la plus 1 grad Celsius).<\/p>\n<p>\u00cen Muntenia temperaturile medii vor fi \u00eentre\u20142 \u0219i 0 grade. Precipita\u021biile totale lunare vor avea, \u00een ianuarie, o tendin\u021b\u0103 spre excedent \u00een regiunile centrale \u0219i local \u00een cele vestice, iar \u00een restul \u021b\u0103rii vor putea fi apropiate de mediile multianuale (33,6 l\/mp). Estim\u0103rile sezoniere sunt realizate de c\u0103tre Centrul European pentru prognoze pe medie durat\u0103 (ECMWF) de la Reading, Anglia \u0219i au un grad de realizare de aproximativ 60%.<\/p>\n<h2>Pre\u0219edintele Societ\u0103\u021bii Meteorologice Rom\u00e2ne: Va fi o iarn\u0103 ca \u00een 2012<\/h2>\n<p>Ion Sandu, pre\u0219edintele Societ\u0103\u021bii Meteorologice Rom\u00e2ne, a declarat la Rom\u00e2nia TV c\u0103 ne a\u0219teapt\u0103 o iarn\u0103 grea, o iarn\u0103 asem\u0103n\u0103toare cu cea din 2012. Potrivit acestuia, pe durata iernii ne vom confrunta cu cel pu\u021bin trei viscole.<\/p>\n<blockquote><p><strong>&#8220;\u00cencerc sa dau un semnal de alarm\u0103: patru uragane consecutive peste America, furtuni puternice in Irlanda inseamna cantitati enorme de vapori de apa in atmosfera. In acest context, in aceasta iarna este posibil sa avem de-a face cu o iarna ca cea din 2012, cu trei viscole. Si cantitatile de precipitatiile mai mari ne pot conduce catre o iarna ca cea din 2012. Este vorba despre alternanta dintre temperaturi ridicate si iarna in toata regula la munte. E un semnal care trebuie sa ne ingrijoreze si care trebuie sa ne faca sa luam masuri de readaptare la schimbarile climatice. Eu incerc sa fac corelatie cu toamna din 2011, cea dinaintea iernii din 2012, este foarte asemanatoare aceasta toamna cu aceea, mai ales in ceea ce priveste alternantele de temperatura&#8221;,<\/strong>\u00a0a declarat Ion Sandu, presedintele Societatii Meteorologice Rom\u00e2ne.<\/p><\/blockquote>\n","protected":false},"excerpt":{"rendered":"<p>Administra\u021bia Na\u021bional\u0103 de Meteorologie(ANM) a f\u0103cut public\u0103 prognoza pentru urm\u0103toarele trei luni. Dac\u0103 \u00een noiembrie va fi vreme cald\u0103, cu<\/p>\n","protected":false},"author":1,"featured_media":17692,"comment_status":"closed","ping_status":"closed","sticky":false,"template":"","format":"standard","meta":{"spay_email":"","footnotes":"","jetpack_publicize_message":""},"categories":[6],"tags":[],"class_list":["post-28708","post","type-post","status-publish","format-standard","has-post-thumbnail","hentry","category-social"],"jetpack_featured_media_url":"https:\/\/i0.wp.com\/realitatearutiera.ro\/wp-content\/uploads\/2017\/01\/iarna.jpg?fit=%2C&ssl=1","jetpack_publicize_connections":[],"jetpack_sharing_enabled":true,"jetpack_shortlink":"https:\/\/wp.me\/p61naM-7t2","jetpack-related-posts":[],"_links":{"self":[{"href":"https:\/\/realitatearutiera.ro\/index.php?rest_route=\/wp\/v2\/posts\/28708","targetHints":{"allow":["GET"]}}],"collection":[{"href":"https:\/\/realitatearutiera.ro\/index.php?rest_route=\/wp\/v2\/posts"}],"about":[{"href":"https:\/\/realitatearutiera.ro\/index.php?rest_route=\/wp\/v2\/types\/post"}],"author":[{"embeddable":true,"href":"https:\/\/realitatearutiera.ro\/index.php?rest_route=\/wp\/v2\/users\/1"}],"replies":[{"embeddable":true,"href":"https:\/\/realitatearutiera.ro\/index.php?rest_route=%2Fwp%2Fv2%2Fcomments&post=28708"}],"version-history":[{"count":1,"href":"https:\/\/realitatearutiera.ro\/index.php?rest_route=\/wp\/v2\/posts\/28708\/revisions"}],"predecessor-version":[{"id":28709,"href":"https:\/\/realitatearutiera.ro\/index.php?rest_route=\/wp\/v2\/posts\/28708\/revisions\/28709"}],"wp:featuredmedia":[{"embeddable":true,"href":"https:\/\/realitatearutiera.ro\/index.php?rest_route=\/wp\/v2\/media\/17692"}],"wp:attachment":[{"href":"https:\/\/realitatearutiera.ro\/index.php?rest_route=%2Fwp%2Fv2%2Fmedia&parent=28708"}],"wp:term":[{"taxonomy":"category","embeddable":true,"href":"https:\/\/realitatearutiera.ro\/index.php?rest_route=%2Fwp%2Fv2%2Fcategories&post=28708"},{"taxonomy":"post_tag","embeddable":true,"href":"https:\/\/realitatearutiera.ro\/index.php?rest_route=%2Fwp%2Fv2%2Ftags&post=28708"}],"curies":[{"name":"wp","href":"https:\/\/api.w.org\/{rel}","templated":true}]}}