{"id":29100,"date":"2017-11-09T09:59:19","date_gmt":"2017-11-09T07:59:19","guid":{"rendered":"http:\/\/realitatearutiera.ro\/?p=29100"},"modified":"2017-11-09T09:59:19","modified_gmt":"2017-11-09T07:59:19","slug":"doi-copii-lasati-nesupravegheati-in-parcarea-unui-supermarket-au-pornit-masina-in-care-erau","status":"publish","type":"post","link":"https:\/\/realitatearutiera.ro\/?p=29100","title":{"rendered":"Doi copii, l\u0103sa\u021bi nesupraveghea\u021bi \u00een parcarea unui supermarket, au pornit ma\u0219ina \u00een care erau"},"content":{"rendered":"<p><strong>O femeie va fi sanc\u0163ionat\u0103 de poli\u0163i\u015fti dup\u0103 ce \u015fi-a l\u0103sat copiii nesupraveghea\u0163i \u00een autoturism, \u00een parcarea unui supermarket, cheile ma\u015finii fiind \u00een contact, iar ace\u015ftia au reu\u015fit s\u0103 porneasc\u0103 ma\u015fina. De asemenea, vor fi sesiza\u0163i \u015fi reprezentan\u0163ii Direc\u0163iei pentru Protec\u0163ia Copilului pentru a deschide o anchet\u0103 social\u0103 \u00een acest caz.<\/strong><\/p>\n<p>Potrivit reprezentan\u0163ilor Inspectoratului de Poli\u0163ie al Jude\u0163ului Constan\u0163a, oamenii legii au fost sesiza\u0163i c\u0103 o femeie a l\u0103sat nesupraveghea\u0163i doi copii \u00een autoturism, \u00een parcarea unui supermarket, ace\u015ftia reu\u015find s\u0103 porneasc\u0103 motorul, noteaz\u0103\u00a0<a href=\"https:\/\/www.news.ro\/\" target=\"_blank\" rel=\"noopener noreferrer\" data-skip-linkfix=\"1\">News.ro<\/a>.<\/p>\n<p>Mai mul\u0163i martori ai evenimentului au stat l\u00e2ng\u0103 ma\u015fina respectiv\u0103 p\u00e2n\u0103 c\u00e2nd femeia a revenit de la cump\u0103r\u0103turi, repro\u015f\u00e2ndu-i acesteia c\u0103 a l\u0103sat copiii \u00een autoturism \u015fi cu cheile \u00een contact.<\/p>\n<p>Poli\u0163i\u015ftii urmeaz\u0103 s\u0103 o sanc\u0163ioneze pe conduc\u0103toarea auto pentru c\u0103 nu a luat m\u0103suri de asigurare corespunz\u0103toare a autoturismului.<\/p>\n<p>De asemenea, oamenii legii au sesizat Direc\u0163ia pentru Protec\u0163ia Copilului pentru a face o anchet\u0103 social\u0103 \u00een acest caz.<\/p>\n","protected":false},"excerpt":{"rendered":"<p>O femeie va fi sanc\u0163ionat\u0103 de poli\u0163i\u015fti dup\u0103 ce \u015fi-a l\u0103sat copiii nesupraveghea\u0163i \u00een autoturism, \u00een parcarea unui supermarket, cheile<\/p>\n","protected":false},"author":1,"featured_media":29101,"comment_status":"closed","ping_status":"closed","sticky":false,"template":"","format":"standard","meta":{"spay_email":"","footnotes":"","jetpack_publicize_message":""},"categories":[11],"tags":[],"class_list":["post-29100","post","type-post","status-publish","format-standard","has-post-thumbnail","hentry","category-stiri-interne"],"jetpack_featured_media_url":"https:\/\/i1.wp.com\/realitatearutiera.ro\/wp-content\/uploads\/2017\/11\/454962l-290x0-w-9ef89189.jpg?fit=290%2C181&ssl=1","jetpack_publicize_connections":[],"jetpack_sharing_enabled":true,"jetpack_shortlink":"https:\/\/wp.me\/p61naM-7zm","jetpack-related-posts":[],"_links":{"self":[{"href":"https:\/\/realitatearutiera.ro\/index.php?rest_route=\/wp\/v2\/posts\/29100","targetHints":{"allow":["GET"]}}],"collection":[{"href":"https:\/\/realitatearutiera.ro\/index.php?rest_route=\/wp\/v2\/posts"}],"about":[{"href":"https:\/\/realitatearutiera.ro\/index.php?rest_route=\/wp\/v2\/types\/post"}],"author":[{"embeddable":true,"href":"https:\/\/realitatearutiera.ro\/index.php?rest_route=\/wp\/v2\/users\/1"}],"replies":[{"embeddable":true,"href":"https:\/\/realitatearutiera.ro\/index.php?rest_route=%2Fwp%2Fv2%2Fcomments&post=29100"}],"version-history":[{"count":1,"href":"https:\/\/realitatearutiera.ro\/index.php?rest_route=\/wp\/v2\/posts\/29100\/revisions"}],"predecessor-version":[{"id":29102,"href":"https:\/\/realitatearutiera.ro\/index.php?rest_route=\/wp\/v2\/posts\/29100\/revisions\/29102"}],"wp:featuredmedia":[{"embeddable":true,"href":"https:\/\/realitatearutiera.ro\/index.php?rest_route=\/wp\/v2\/media\/29101"}],"wp:attachment":[{"href":"https:\/\/realitatearutiera.ro\/index.php?rest_route=%2Fwp%2Fv2%2Fmedia&parent=29100"}],"wp:term":[{"taxonomy":"category","embeddable":true,"href":"https:\/\/realitatearutiera.ro\/index.php?rest_route=%2Fwp%2Fv2%2Fcategories&post=29100"},{"taxonomy":"post_tag","embeddable":true,"href":"https:\/\/realitatearutiera.ro\/index.php?rest_route=%2Fwp%2Fv2%2Ftags&post=29100"}],"curies":[{"name":"wp","href":"https:\/\/api.w.org\/{rel}","templated":true}]}}