{"id":2931,"date":"2015-07-02T06:19:00","date_gmt":"2015-07-02T06:19:00","guid":{"rendered":"http:\/\/realitatearutiera.ro\/?p=2931"},"modified":"2015-07-02T06:19:00","modified_gmt":"2015-07-02T06:19:00","slug":"medic-de-la-ambulanta-bacau-anchetat-disciplinar-dupa-ce-a-fost-prins-baut-la-volan","status":"publish","type":"post","link":"https:\/\/realitatearutiera.ro\/?p=2931","title":{"rendered":"Medic de la Ambulan\u0163a Bac\u0103u, anchetat disciplinar dup\u0103 ce a fost prins b\u0103ut la volan"},"content":{"rendered":"<p>Un medic din cadrul Serviciului de Ambulan\u0163\u0103 Bac\u0103u\u00a0va fi anchetat disciplinar dup\u0103 ce a fost prins b\u0103ut la volan de c\u0103tre poli\u0163i\u015fti, informeaz\u0103 Mediafax.<\/p>\n<div class=\"container page-background\">\n<div class=\"content\">\n<div class=\"row container_12\">\n<div class=\"grid_8\">\n<div class=\"widget-article\">\n<div class=\"article-body\">\n<div class=\"article-text\">\n<p>Conducerea Serviciului de Ambulan\u0163\u0103 Jude\u0163ean (SAJ) Bac\u0103u va cerceta disciplinar cazul medicului Sorin Enescu, angajat \u00een cadrul unit\u0103\u0163ii, dup\u0103 ce a fost prins \u00een trafic \u00een timp ce conducea b\u0103ut ma\u015fina personal\u0103.<\/p>\n<p>La testarea cu aparatul etilotest, poli\u0163i\u015ftii au constatat c\u0103 medicul \u00een cauz\u0103 avea o alcoolemie de 1,05 mg\/litru alcool pur \u00een aerul expirat, motiv pentru care s-a decis recoltarea de probe biologice la spital.<\/p>\n<p>&#8220;Incidentul s-a petrecut \u00een afara orelor de program ale medicului, f\u0103r\u0103 a avea leg\u0103tur\u0103 cu activitatea sa profesional\u0103. Chiar \u015fi a\u015fa, trebuie s\u0103 vedem \u00een ce m\u0103sur\u0103 este afectat\u0103 imaginea institu\u0163iei. \u00cen acest sens, vom convoca Comitetul Director al Serviciului de Ambulan\u0163\u0103 care va lua decizia dac\u0103 se impune aplicarea vreunei sanc\u0163iuni medicului \u00een cauz\u0103&#8221;, a declarat, mar\u0163i,\u00a0managerul SAJ Bac\u0103u, Aura Cre\u0163u.<\/p>\n<p>Pe l\u00e2ng\u0103 ancheta disciplinar\u0103, medicul Sorin Enescu va fi cercetat penal de poli\u0163i\u015fti pentru conducere sub influen\u0163a alcoolului.<\/p>\n<\/div>\n<\/div>\n<\/div>\n<\/div>\n<\/div>\n<\/div>\n<\/div>\n","protected":false},"excerpt":{"rendered":"<p>Un medic din cadrul Serviciului de Ambulan\u0163\u0103 Bac\u0103u\u00a0va fi anchetat disciplinar dup\u0103 ce a fost prins b\u0103ut la volan de<\/p>\n","protected":false},"author":1,"featured_media":2932,"comment_status":"open","ping_status":"open","sticky":false,"template":"","format":"standard","meta":{"spay_email":"","footnotes":"","jetpack_publicize_message":""},"categories":[11],"tags":[],"class_list":["post-2931","post","type-post","status-publish","format-standard","has-post-thumbnail","hentry","category-stiri-interne"],"jetpack_featured_media_url":"https:\/\/i0.wp.com\/realitatearutiera.ro\/wp-content\/uploads\/2015\/07\/argesaccidentDUM.jpg?fit=630%2C419&ssl=1","jetpack_publicize_connections":[],"jetpack_sharing_enabled":true,"jetpack_shortlink":"https:\/\/wp.me\/p61naM-Lh","jetpack-related-posts":[],"_links":{"self":[{"href":"https:\/\/realitatearutiera.ro\/index.php?rest_route=\/wp\/v2\/posts\/2931","targetHints":{"allow":["GET"]}}],"collection":[{"href":"https:\/\/realitatearutiera.ro\/index.php?rest_route=\/wp\/v2\/posts"}],"about":[{"href":"https:\/\/realitatearutiera.ro\/index.php?rest_route=\/wp\/v2\/types\/post"}],"author":[{"embeddable":true,"href":"https:\/\/realitatearutiera.ro\/index.php?rest_route=\/wp\/v2\/users\/1"}],"replies":[{"embeddable":true,"href":"https:\/\/realitatearutiera.ro\/index.php?rest_route=%2Fwp%2Fv2%2Fcomments&post=2931"}],"version-history":[{"count":1,"href":"https:\/\/realitatearutiera.ro\/index.php?rest_route=\/wp\/v2\/posts\/2931\/revisions"}],"predecessor-version":[{"id":2934,"href":"https:\/\/realitatearutiera.ro\/index.php?rest_route=\/wp\/v2\/posts\/2931\/revisions\/2934"}],"wp:featuredmedia":[{"embeddable":true,"href":"https:\/\/realitatearutiera.ro\/index.php?rest_route=\/wp\/v2\/media\/2932"}],"wp:attachment":[{"href":"https:\/\/realitatearutiera.ro\/index.php?rest_route=%2Fwp%2Fv2%2Fmedia&parent=2931"}],"wp:term":[{"taxonomy":"category","embeddable":true,"href":"https:\/\/realitatearutiera.ro\/index.php?rest_route=%2Fwp%2Fv2%2Fcategories&post=2931"},{"taxonomy":"post_tag","embeddable":true,"href":"https:\/\/realitatearutiera.ro\/index.php?rest_route=%2Fwp%2Fv2%2Ftags&post=2931"}],"curies":[{"name":"wp","href":"https:\/\/api.w.org\/{rel}","templated":true}]}}