{"id":29332,"date":"2017-11-14T14:32:26","date_gmt":"2017-11-14T12:32:26","guid":{"rendered":"http:\/\/realitatearutiera.ro\/?p=29332"},"modified":"2017-11-14T14:32:26","modified_gmt":"2017-11-14T12:32:26","slug":"vesti-bune-pentru-elevi-se-apropie-minivacanta","status":"publish","type":"post","link":"https:\/\/realitatearutiera.ro\/?p=29332","title":{"rendered":"Ve\u0219ti bune pentru elevi: se apropie MINIVACAN\u0162A"},"content":{"rendered":"<p>Elevii \u0219i profesorii lor vor avea parte de o mini vacan\u021b\u0103 de 4 zile. Elevii vor avea libere de la \u0219coal\u0103 \u00een perioada 30 noiembrie 2016 &#8211; 1 Decembrie 2017. Cele dou\u0103 zile libere legale pic\u0103 \u00een acest an \u00een ziua de joi, respectiv vineri.<\/p>\n<p><strong>Urmatoarele zile libere pentru elevii din \u00eenv\u0103\u021b\u0103m\u00e2ntul preuniversitar sunt cele din timpul vacan\u021bei de iarn\u0103 2017, care se desf\u0103\u0219oar\u0103 \u00een intervalul s\u00e2mb\u0103t\u0103, 23 decembrie 2016 &#8211; duminic\u0103, 14 ianuarie 2017.<\/strong><\/p>\n<p>Potrivit calendarului aprobat de Ministerul Educa\u021biei Na\u021bionale, vacan\u021bele elevilor din toate ciclurile de \u00eenv\u0103\u021b\u0103m\u00e2nt sunt programate astfel:<\/p>\n<p>&#8211; vacan\u021b\u0103 de iarn\u0103 (23 decembrie 2017 \u2014 14 ianuarie 2018)<br \/>\n&#8211; vacan\u021b\u0103 intersemestriala (3 \u2014 11 februarie 2018)<br \/>\n&#8211; vacan\u021b\u0103 de prim\u0103var\u0103 (31 martie \u2014 10 aprilie 2018)<br \/>\n&#8211; vacan\u021b\u0103 de vara (16 iunie \u2014 9 septembrie 2018).<\/p>\n<p>Pentru clasele terminale din \u00eenv\u0103\u021b\u0103m\u00e2ntul liceal, anul \u0219colar se \u00eencheie \u00een dat\u0103 de 25 mai 2018, iar pentru clasa a VIII-a pe 8 iunie 2018.<\/p>\n<p>Sursa:realitatea.net<\/p>\n","protected":false},"excerpt":{"rendered":"<p>Elevii \u0219i profesorii lor vor avea parte de o mini vacan\u021b\u0103 de 4 zile. Elevii vor avea libere de la<\/p>\n","protected":false},"author":1,"featured_media":29333,"comment_status":"closed","ping_status":"closed","sticky":false,"template":"","format":"standard","meta":{"spay_email":"","footnotes":"","jetpack_publicize_message":""},"categories":[6],"tags":[],"class_list":["post-29332","post","type-post","status-publish","format-standard","has-post-thumbnail","hentry","category-social"],"jetpack_featured_media_url":"https:\/\/i0.wp.com\/realitatearutiera.ro\/wp-content\/uploads\/2017\/11\/elevi_37948000.jpg?fit=728%2C407&ssl=1","jetpack_publicize_connections":[],"jetpack_sharing_enabled":true,"jetpack_shortlink":"https:\/\/wp.me\/p61naM-7D6","jetpack-related-posts":[],"_links":{"self":[{"href":"https:\/\/realitatearutiera.ro\/index.php?rest_route=\/wp\/v2\/posts\/29332","targetHints":{"allow":["GET"]}}],"collection":[{"href":"https:\/\/realitatearutiera.ro\/index.php?rest_route=\/wp\/v2\/posts"}],"about":[{"href":"https:\/\/realitatearutiera.ro\/index.php?rest_route=\/wp\/v2\/types\/post"}],"author":[{"embeddable":true,"href":"https:\/\/realitatearutiera.ro\/index.php?rest_route=\/wp\/v2\/users\/1"}],"replies":[{"embeddable":true,"href":"https:\/\/realitatearutiera.ro\/index.php?rest_route=%2Fwp%2Fv2%2Fcomments&post=29332"}],"version-history":[{"count":1,"href":"https:\/\/realitatearutiera.ro\/index.php?rest_route=\/wp\/v2\/posts\/29332\/revisions"}],"predecessor-version":[{"id":29334,"href":"https:\/\/realitatearutiera.ro\/index.php?rest_route=\/wp\/v2\/posts\/29332\/revisions\/29334"}],"wp:featuredmedia":[{"embeddable":true,"href":"https:\/\/realitatearutiera.ro\/index.php?rest_route=\/wp\/v2\/media\/29333"}],"wp:attachment":[{"href":"https:\/\/realitatearutiera.ro\/index.php?rest_route=%2Fwp%2Fv2%2Fmedia&parent=29332"}],"wp:term":[{"taxonomy":"category","embeddable":true,"href":"https:\/\/realitatearutiera.ro\/index.php?rest_route=%2Fwp%2Fv2%2Fcategories&post=29332"},{"taxonomy":"post_tag","embeddable":true,"href":"https:\/\/realitatearutiera.ro\/index.php?rest_route=%2Fwp%2Fv2%2Ftags&post=29332"}],"curies":[{"name":"wp","href":"https:\/\/api.w.org\/{rel}","templated":true}]}}