{"id":29426,"date":"2017-11-16T09:54:51","date_gmt":"2017-11-16T07:54:51","guid":{"rendered":"http:\/\/realitatearutiera.ro\/?p=29426"},"modified":"2017-11-16T09:54:51","modified_gmt":"2017-11-16T07:54:51","slug":"constanta-pericol-de-accidente-pe-bulevardul-aurel-vlaicu-semnele-rutiere-montate-la-intersectia-cu-calea-ferata-induc-soferii-in-eroare","status":"publish","type":"post","link":"https:\/\/realitatearutiera.ro\/?p=29426","title":{"rendered":"CONSTAN\u021aA! Pericol de accidente pe bulevardul Aurel Vlaicu &#8211; semnele rutiere montate la intersec\u021bia cu calea ferat\u0103 induc \u0219oferii \u00een eroare!"},"content":{"rendered":"<h3>Pericol de moarte la trecerea la nivel cu calea ferat\u0103 de pe bulevardul Aurel Vlaicu. Imaginile surprinse de un const\u0103n\u0163ean seara trecut\u0103 arat\u0103 cum, \u00een timp ce trenul se apropia, semnalele luminoase \u00eei asigurau pe \u015foferi c\u0103 au prioritate, din cauza unei defec\u0163iuni. Doar o minune a f\u0103cut ca o tragedie s\u0103 nu aib\u0103 \u00eenc\u0103 loc, mai ales c\u0103 artera este una extrem de aglomerat\u0103.<\/h3>\n<p>Putem vorbi de o oarecare incon\u0219tien\u021b\u0103 din partea \u0219oferilor, c\u0103ci nu se asigur\u0103 \u00een niciun fel, dar asta cu siguran\u021b\u0103 \u00een urma faptului c\u0103 semnalul luminos de la trecerea la nivel cu calea ferat\u0103 \u00eei asigur\u0103 c\u0103 au prioritate. Vorbim a\u0219adar despre un sistem care s-a defectat \u0219i care i-a pus \u00een pericol de moarte pe cei care au circulat asear\u0103 pe bulevardul Aurel Vlaicu. Ast\u0103zi, la mai bine de 12 ore de la filmarea f\u0103cut\u0103 de un \u0219ofer aflat \u00een trafic, situa\u021bia p\u0103rea neschimbat\u0103.<\/p>\n<p>Am \u00eencercat s\u0103-i contact\u0103m telefonic ast\u0103zi, pe reprezentan\u021bii Grupului Feroviar Rom\u00e2n, administratorii acelui sector de cale ferat\u0103.<\/p>\n<p>Dup\u0103 ce ini\u021bial ni s-a spus de mai multe ori s\u0103 revenim, \u00een cele din urm\u0103 ni s-a \u00eenchis telefonul f\u0103r\u0103 a primi vreun r\u0103spuns referitor la situa\u021bia din Constan\u021ba. De\u0219i nu intr\u0103 \u00een atribu\u021biile lor, reprezentan\u021bii CFR au precizat c\u0103 vor lua unele m\u0103suri.<\/p>\n<blockquote><p><strong>&#8220;Este o barier\u0103 pe o sec\u021bie neinteroperabil\u0103, face leg\u0103tura \u00eentre Constan\u021ba M\u0103rfuri \u0219i Cap Midia. Av\u00e2nd \u00een vedere situa\u021bia semnalat\u0103, CFR va face o adres\u0103 c\u0103tre gestionarul respectivei bariere (GFR- n.r.), s\u0103 remedieze problema. De asemenea, Autoritatea Feroviar\u0103 va ancheta situa\u021bia \u0219i va lua m\u0103surile care se impugn&#8221;.<\/strong><\/p><\/blockquote>\n<p>Surse neoficiale spun c\u0103 \u00een privin\u021ba incidentului Poli\u021bia Transporturi ar fi deschis deja o anchet\u0103 penal\u0103. Verific\u0103ri va face \u0219i Poli\u021bia Na\u021bional\u0103.<\/p>\n<p>De\u0219i am \u00eencercat s\u0103 afl\u0103m ast\u0103zi dac\u0103 situa\u021bia a fost remediat\u0103, din p\u0103cate cei direct r\u0103spunz\u0103tori de acest lucru nu au vrut s\u0103 ofere un punct de vedere. La momentul redact\u0103rii acestei \u0219tiri nu se \u0219tie cu exactitate dac\u0103 semaforizarea a fost reparat\u0103 sau nu. A\u0219adar, dac\u0103 ave\u021bi drum prin zona trecerii la nivel cu calea ferat\u0103 de pe bulevardul Aurel Vlaicu, opri\u021bi \u00eenainte de aceasta pentru a v\u0103 asigura \u0219i totodat\u0103 pentru a evita o tragedie.<\/p>\n","protected":false},"excerpt":{"rendered":"<p>Pericol de moarte la trecerea la nivel cu calea ferat\u0103 de pe bulevardul Aurel Vlaicu. Imaginile surprinse de un const\u0103n\u0163ean<\/p>\n","protected":false},"author":1,"featured_media":29427,"comment_status":"closed","ping_status":"closed","sticky":false,"template":"","format":"standard","meta":{"spay_email":"","footnotes":"","jetpack_publicize_message":""},"categories":[54],"tags":[],"class_list":["post-29426","post","type-post","status-publish","format-standard","has-post-thumbnail","hentry","category-informatii-rutiere"],"jetpack_featured_media_url":"https:\/\/i2.wp.com\/realitatearutiera.ro\/wp-content\/uploads\/2017\/11\/trecere1.jpg?fit=600%2C450&ssl=1","jetpack_publicize_connections":[],"jetpack_sharing_enabled":true,"jetpack_shortlink":"https:\/\/wp.me\/p61naM-7EC","jetpack-related-posts":[],"_links":{"self":[{"href":"https:\/\/realitatearutiera.ro\/index.php?rest_route=\/wp\/v2\/posts\/29426","targetHints":{"allow":["GET"]}}],"collection":[{"href":"https:\/\/realitatearutiera.ro\/index.php?rest_route=\/wp\/v2\/posts"}],"about":[{"href":"https:\/\/realitatearutiera.ro\/index.php?rest_route=\/wp\/v2\/types\/post"}],"author":[{"embeddable":true,"href":"https:\/\/realitatearutiera.ro\/index.php?rest_route=\/wp\/v2\/users\/1"}],"replies":[{"embeddable":true,"href":"https:\/\/realitatearutiera.ro\/index.php?rest_route=%2Fwp%2Fv2%2Fcomments&post=29426"}],"version-history":[{"count":1,"href":"https:\/\/realitatearutiera.ro\/index.php?rest_route=\/wp\/v2\/posts\/29426\/revisions"}],"predecessor-version":[{"id":29428,"href":"https:\/\/realitatearutiera.ro\/index.php?rest_route=\/wp\/v2\/posts\/29426\/revisions\/29428"}],"wp:featuredmedia":[{"embeddable":true,"href":"https:\/\/realitatearutiera.ro\/index.php?rest_route=\/wp\/v2\/media\/29427"}],"wp:attachment":[{"href":"https:\/\/realitatearutiera.ro\/index.php?rest_route=%2Fwp%2Fv2%2Fmedia&parent=29426"}],"wp:term":[{"taxonomy":"category","embeddable":true,"href":"https:\/\/realitatearutiera.ro\/index.php?rest_route=%2Fwp%2Fv2%2Fcategories&post=29426"},{"taxonomy":"post_tag","embeddable":true,"href":"https:\/\/realitatearutiera.ro\/index.php?rest_route=%2Fwp%2Fv2%2Ftags&post=29426"}],"curies":[{"name":"wp","href":"https:\/\/api.w.org\/{rel}","templated":true}]}}