{"id":29524,"date":"2017-11-20T08:24:35","date_gmt":"2017-11-20T06:24:35","guid":{"rendered":"http:\/\/realitatearutiera.ro\/?p=29524"},"modified":"2017-11-20T08:24:35","modified_gmt":"2017-11-20T06:24:35","slug":"cod-galben-de-ceata-in-trei-judete-din-moldova-inclusiv-pe-drumurile-nationale-si-europene-luni-dimineata","status":"publish","type":"post","link":"https:\/\/realitatearutiera.ro\/?p=29524","title":{"rendered":"Cod galben de cea\u021b\u0103 \u00een trei jude\u021be din Moldova, inclusiv pe drumurile na\u021bionale \u0219i europene, luni diminea\u021ba"},"content":{"rendered":"<p class=\"intro\">Administra\u021bia Na\u021bional\u0103 de Meteorologie (ANM) a emis, luni diminea\u021ba, o aten\u021bionare nowcasting Cod galben de cea\u021b\u0103 \u0219i vizibilitate redus\u0103 \u00een trafic, valabil\u0103 \u00een trei jude\u021be din Moldova, \u00een urm\u0103toarele dou\u0103 ore.<\/p>\n<div class=\"image-wrapper medium-image mb25\"><\/div>\n<p>Potrivit meteorologilor, p\u00e2n\u0103 la ora 10:00, \u00een jude\u021bele\u00a0<b>Ia\u0219i, Vaslui\u00a0<\/b>\u0219i<b>Boto\u0219ani<\/b>, inclusiv pe drumurile na\u021bionale \u0219i europene din aceste zone, se va semnala cea\u021b\u0103, fenomenul determin\u00e2nd reducerea vizibilit\u0103\u021bii \u00een trafic, local, sub 200 de metri \u0219i izolat sub 50 de metri.<\/p>\n<p>Avertiz\u0103rile de fenomene periculoase imediate se emit pentru o perioad\u0103 de maximum 6 ore.<\/p>\n<p>AGERPRES<\/p>\n","protected":false},"excerpt":{"rendered":"<p>Administra\u021bia Na\u021bional\u0103 de Meteorologie (ANM) a emis, luni diminea\u021ba, o aten\u021bionare nowcasting Cod galben de cea\u021b\u0103 \u0219i vizibilitate redus\u0103 \u00een<\/p>\n","protected":false},"author":1,"featured_media":29459,"comment_status":"closed","ping_status":"closed","sticky":false,"template":"","format":"standard","meta":{"spay_email":"","footnotes":"","jetpack_publicize_message":""},"categories":[54],"tags":[],"class_list":["post-29524","post","type-post","status-publish","format-standard","has-post-thumbnail","hentry","category-informatii-rutiere"],"jetpack_featured_media_url":"https:\/\/i0.wp.com\/realitatearutiera.ro\/wp-content\/uploads\/2017\/11\/atentie-soferi-opt-judete-sub-cod-galben-de-ceata-491683.jpeg?fit=620%2C413&ssl=1","jetpack_publicize_connections":[],"jetpack_sharing_enabled":true,"jetpack_shortlink":"https:\/\/wp.me\/p61naM-7Gc","jetpack-related-posts":[],"_links":{"self":[{"href":"https:\/\/realitatearutiera.ro\/index.php?rest_route=\/wp\/v2\/posts\/29524","targetHints":{"allow":["GET"]}}],"collection":[{"href":"https:\/\/realitatearutiera.ro\/index.php?rest_route=\/wp\/v2\/posts"}],"about":[{"href":"https:\/\/realitatearutiera.ro\/index.php?rest_route=\/wp\/v2\/types\/post"}],"author":[{"embeddable":true,"href":"https:\/\/realitatearutiera.ro\/index.php?rest_route=\/wp\/v2\/users\/1"}],"replies":[{"embeddable":true,"href":"https:\/\/realitatearutiera.ro\/index.php?rest_route=%2Fwp%2Fv2%2Fcomments&post=29524"}],"version-history":[{"count":1,"href":"https:\/\/realitatearutiera.ro\/index.php?rest_route=\/wp\/v2\/posts\/29524\/revisions"}],"predecessor-version":[{"id":29525,"href":"https:\/\/realitatearutiera.ro\/index.php?rest_route=\/wp\/v2\/posts\/29524\/revisions\/29525"}],"wp:featuredmedia":[{"embeddable":true,"href":"https:\/\/realitatearutiera.ro\/index.php?rest_route=\/wp\/v2\/media\/29459"}],"wp:attachment":[{"href":"https:\/\/realitatearutiera.ro\/index.php?rest_route=%2Fwp%2Fv2%2Fmedia&parent=29524"}],"wp:term":[{"taxonomy":"category","embeddable":true,"href":"https:\/\/realitatearutiera.ro\/index.php?rest_route=%2Fwp%2Fv2%2Fcategories&post=29524"},{"taxonomy":"post_tag","embeddable":true,"href":"https:\/\/realitatearutiera.ro\/index.php?rest_route=%2Fwp%2Fv2%2Ftags&post=29524"}],"curies":[{"name":"wp","href":"https:\/\/api.w.org\/{rel}","templated":true}]}}