{"id":29583,"date":"2017-11-20T14:01:46","date_gmt":"2017-11-20T12:01:46","guid":{"rendered":"http:\/\/realitatearutiera.ro\/?p=29583"},"modified":"2017-11-20T14:01:46","modified_gmt":"2017-11-20T12:01:46","slug":"fantastic-taramul-zmeilor-exista-nu-ai-sa-ghicesti-unde-se-afla","status":"publish","type":"post","link":"https:\/\/realitatearutiera.ro\/?p=29583","title":{"rendered":"Fantastic! T\u0103r\u00e2mul Zmeilor EXIST\u0102! Nu ai s\u0103 ghice\u015fti unde se afl\u0103!!!"},"content":{"rendered":"<p>La poalele dealului Dumbrava, \u00een apropiere de\u00a0<strong>Jibou<\/strong>, jude\u0163ul S\u0103laj, se \u00eentinde un \u0163inut unic \u00een Rom\u00e2nia:\u00a0<strong>Gr\u0103dina Zmeilor<\/strong>. Dac\u0103 ai ajuns din \u00eent\u00e2mplare aici, f\u0103r\u0103 s\u0103 cuno\u015fti povestea locului, vei avea impresia c\u0103 te \u00een\u015feal\u0103 privirea, \u015fi, cumva, ai aterizat din \u00eent\u00e2mplare \u00een Meteora grecilor. Nici vorb\u0103. Te afli \u00een\u00a0<strong>Gr\u0103dina Zmeilor<\/strong>, o arie natural\u0103 protejat\u0103 care cuprinde un ansamblu neregulat de st\u00e2nci. Acest loc plin de legende \u015fi pove\u015fti interesante te va cuceri din prima clip\u0103.<\/p>\n<p><strong>Gr\u0103dina Zmeilor<\/strong>\u00a0este considerat\u0103 a fi una dintre cele mai frumoase rezerva\u0163ii naturale din Transilvania. Ansamblul neregulat de st\u00e2nci s-a format \u00een sute \u015fi chiar mii de ani, sub ac\u0163iunea ploilor, a z\u0103pezilor, a v\u00e2ntului \u015fi a pr\u0103bu\u015firilor concomitente de teren. Solul din care sunt pl\u0103m\u0103dite\u00a0<strong>statuile din Gr\u0103dina Zmeilor<\/strong>\u00a0are culori diverse, de la cenu\u015fiu \u00eenchis p\u00e2n\u0103 la diferite nuan\u0163e de galben. Fiecare st\u00e2nc\u0103 \u00ee\u015fi are propria poveste \u015fi propriul nume. Astfel, \u00een gr\u0103dina Zmeilor ve\u0163i face cuno\u015ftin\u0163\u0103 cu\u00a0<strong>Fata C\u0103tanii<\/strong>,\u00a0<strong>Zmeul \u0219i Zmeoaica<\/strong>,\u00a0<strong>Eva<\/strong>,\u00a0<strong>C\u0103pitanul<\/strong>,\u00a0<strong>Solda\u021bii<\/strong>,\u00a0<strong>Dege\u0163elul<\/strong>,\u00a0<strong>Mo\u015ful<\/strong>\u00a0\u015fi\u00a0<strong>Doroban\u021bul<\/strong>.<\/p>\n<p><strong>Un loc cu poveste<\/strong><\/p>\n<p>Aceste st\u00e2nci neregulate au st\u00e2rnit de-a lungul timpului imagina\u0163ia locuitorilor zonei. Numeroase legende, care mai de care mai fanteziste atrag anual sute de turi\u015fti. Localnicii sunt mai mult dec\u00e2t bucuro\u015fi s\u0103 le vorbeasc\u0103 noilor ajun\u015fi despre pove\u015ftile pe care, la r\u00e2ndul lor, le-au auzit de la bunici. Dar s\u0103 le lu\u0103m pe r\u00e2nd.<\/p>\n<p><img loading=\"lazy\" decoding=\"async\" class=\"lazy lazy-mce\" src=\"https:\/\/i0.wp.com\/www.ghiduri-turistice.info\/data_files\/mce_images\/2016\/ianuarie\/articole_romania\/Gradina_zmeilor\/533c7c5b1c384.jpg?resize=800%2C534&#038;ssl=1\" alt=\"Gradina Zmeilor\" width=\"800\" height=\"534\" data-recalc-dims=\"1\" \/><\/p>\n<p class=\"image-explanation\">Fotografie preluata de pe\u00a0<a title=\"Gradina Zmeilor\" href=\"http:\/\/www.aeagency.ro\/ro\/Locatii-Detalii\/70\/86\/Gradina-Zmeilor\" target=\"_blank\" rel=\"noopener noreferrer\">www.aeagency.ro<\/a>. \u00a9<\/p>\n<p>Denumirea oficial\u0103 a acestei arii naturale protejate este\u00a0<strong>Gr\u0103dina Zmeilor<\/strong>. Oamenii locului \u00eei mai spun\u00a0<strong>Fata C\u0103tanii<\/strong>. Rezerva\u0163ia natural\u0103 a c\u0103p\u0103tat acest nume de alint datorit\u0103 uneia dintre legendele locale. Termenul de\u00a0<em>c\u0103tan\u0103<\/em>\u00a0face referire \u00een aceast\u0103 parte a \u0163\u0103rii la o femeie autoritar\u0103 \u015fi sever\u0103, precum c\u0103pitanii din armat\u0103. Legenda local\u0103 spune c\u0103 o t\u00e2n\u0103r\u0103 fat\u0103 s-ar fi \u00eendr\u0103gostit de un soldat. Mama sa vitreg\u0103 nu a agreat povestea de amor dintre t\u00e2n\u0103r\u0103 \u015fi soldat, a blestemat-o, iar fata s-a transformat \u00een st\u00e2nc\u0103.<\/p>\n<h2>Zmeii, personajele principale \u00een legendele locale<\/h2>\n<p>O alt\u0103 poveste din b\u0103tr\u00e2ni spune c\u0103 \u00eentreaga zon\u0103 era casa unor zmei care furau fetele localnice, iar \u00eentr-una din zile, zmeul cel mai mare dintre to\u0163i a furat soarele de pe cer. Un t\u00e2n\u0103r curajos a mers s\u0103 \u00eel \u00eenfrunte \u015fi a eliberat soarele.\u00a0<strong>Zmeii<\/strong>\u00a0cei mici, veni\u0163i s\u0103-i dea o m\u00e2n\u0103 de ajutor celui r\u0103pus, au ajuns prea t\u00e2rziu, iar str\u0103lucirea soarelui aflat din nou pe cer i-ar fi transformat \u00een st\u00e2nci.<\/p>\n<p><img loading=\"lazy\" decoding=\"async\" class=\"lazy lazy-mce\" src=\"https:\/\/i1.wp.com\/www.ghiduri-turistice.info\/data_files\/mce_images\/2016\/ianuarie\/articole_romania\/Gradina_zmeilor\/533c7c885ee38.jpg?resize=800%2C534&#038;ssl=1\" alt=\"Gradina Zmeilor\" width=\"800\" height=\"534\" data-recalc-dims=\"1\" \/><\/p>\n<p class=\"image-explanation\">Fotografie preluata de pe\u00a0<a title=\"Gradina Zmeilor\" href=\"http:\/\/www.aeagency.ro\/ro\/Locatii-Detalii\/70\/86\/Gradina-Zmeilor\" target=\"_blank\" rel=\"noopener noreferrer\">www.aeagency.ro<\/a>.<\/p>\n<p><strong>Pove\u015ftile cu zmei<\/strong>\u00a0nu se opresc aici. \u00centr-unul din capetele gr\u0103dinii se afl\u0103 dou\u0103 st\u00e2nci gemene, situate la mic\u0103 distan\u0163\u0103 una de cealalt\u0103. Localnicii povestesc c\u0103 \u00een vremurile de mult apuse, aici se a\u015fezeau zmeii s\u0103 se odihneasc\u0103, \u00eenainte de a-\u015fi continua c\u0103l\u0103toria c\u0103tre Dej, de unde se aprovizionau cu sare.<\/p>\n<h2>St\u00e2ncile sc\u0103ldate \u00een &#8220;S\u00e2ngele \u0163ig\u0103na\u015fului frumos&#8221;<\/h2>\n<p>\u00cen anii `70, un cioban care \u00ee\u015fi p\u0103\u015ftea oile \u00een aceast\u0103 zon\u0103 povestea c\u0103 a v\u0103zut \u015firoaie de ap\u0103 ro\u015fiatic\u0103 ce curgeau din\u00a0<strong>peretele din care s-au desprins st\u00e2ncile<\/strong>. Acest fenomen a l\u0103sat \u015fi mai mult loc imagina\u0163iei, \u015fi alte legende au fost scornite de oamenii locului. Una dintre ele spune povestea unui t\u00e2n\u0103r de etnie rrom\u0103 care fugea de oamenii legii prin p\u0103durile din zon\u0103. De fric\u0103 s\u0103 nu cad\u0103 pe m\u00e2na poli\u0163iei, t\u00e2n\u0103rul s-ar fi \u00eempu\u015fcat cu un pistol vechi g\u0103sit \u00eentr-o galerie de min\u0103.<\/p>\n<p><img loading=\"lazy\" decoding=\"async\" class=\"lazy lazy-mce\" src=\"https:\/\/i2.wp.com\/www.ghiduri-turistice.info\/data_files\/mce_images\/2016\/ianuarie\/articole_romania\/Gradina_zmeilor\/533c7ca879cc8.jpg?resize=800%2C600&#038;ssl=1\" alt=\"Gradina Zmeilor\" width=\"800\" height=\"600\" data-recalc-dims=\"1\" \/><\/p>\n<p class=\"image-explanation\">Fotografie preluata de pe\u00a0<a title=\"Gradina Zmeilor\" href=\"http:\/\/www.aeagency.ro\/ro\/Locatii-Detalii\/70\/86\/Gradina-Zmeilor\" target=\"_blank\" rel=\"noopener noreferrer\">www.aeagency.ro<\/a>.<\/p>\n<h2>St\u00e2nci cu forme bizare<\/h2>\n<p>Indiferent dac\u0103 exist\u0103 sau nu un s\u00e2mbure de adev\u0103r \u00een legendele locale,\u00a0<strong>Gr\u0103dina Zmeilor<\/strong>\u00a0are un farmec aparte. Formate datorit\u0103 intemperiilor,\u00a0<strong>st\u00e2ncile din Gr\u0103dina Zmeilor<\/strong>\u00a0au forme c\u00e2t se poate de ciudate. Natura a modelat buc\u0103\u0163ile de piatr\u0103 \u015fi le-a dat forme intersante: coloane, metereze, poduri, ciuperci, ace etc.. Dac\u0103 a\u0163i ajuns \u00een\u00a0<strong>Gr\u0103dina Zmeilor<\/strong>, nu \u00eencerca\u0163i s\u0103 v\u0103 coco\u0163a\u0163i pe aceste minunate st\u00e2nci, deoarece exist\u0103 riscul de pr\u0103bu\u015fire.<\/p>\n<p><img loading=\"lazy\" decoding=\"async\" class=\"lazy lazy-mce\" src=\"https:\/\/i1.wp.com\/www.ghiduri-turistice.info\/data_files\/mce_images\/2016\/ianuarie\/articole_romania\/Gradina_zmeilor\/533c7d41c3dd8.jpg?resize=800%2C371&#038;ssl=1\" alt=\"Gradina Zmeilor\" width=\"800\" height=\"371\" data-recalc-dims=\"1\" \/><\/p>\n<p class=\"image-explanation\">Fotografie preluata de pe\u00a0<a title=\"Gradina Zmeilor\" href=\"http:\/\/www.aeagency.ro\/ro\/Locatii-Detalii\/70\/86\/Gradina-Zmeilor\" target=\"_blank\" rel=\"noopener noreferrer\">www.aeagency.ro<\/a>.<\/p>\n<p class=\"highlight-p\">\n","protected":false},"excerpt":{"rendered":"<p>La poalele dealului Dumbrava, \u00een apropiere de\u00a0Jibou, jude\u0163ul S\u0103laj, se \u00eentinde un \u0163inut unic \u00een Rom\u00e2nia:\u00a0Gr\u0103dina Zmeilor. Dac\u0103 ai ajuns<\/p>\n","protected":false},"author":1,"featured_media":29585,"comment_status":"closed","ping_status":"closed","sticky":false,"template":"","format":"standard","meta":{"spay_email":"","footnotes":"","jetpack_publicize_message":""},"categories":[1,53],"tags":[],"class_list":["post-29583","post","type-post","status-publish","format-standard","has-post-thumbnail","hentry","category-uncategorized","category-periplu-prin-romania"],"jetpack_featured_media_url":"https:\/\/i0.wp.com\/realitatearutiera.ro\/wp-content\/uploads\/2017\/11\/large_img_2025.jpg?fit=490%2C400&ssl=1","jetpack_publicize_connections":[],"jetpack_sharing_enabled":true,"jetpack_shortlink":"https:\/\/wp.me\/p61naM-7H9","jetpack-related-posts":[],"_links":{"self":[{"href":"https:\/\/realitatearutiera.ro\/index.php?rest_route=\/wp\/v2\/posts\/29583","targetHints":{"allow":["GET"]}}],"collection":[{"href":"https:\/\/realitatearutiera.ro\/index.php?rest_route=\/wp\/v2\/posts"}],"about":[{"href":"https:\/\/realitatearutiera.ro\/index.php?rest_route=\/wp\/v2\/types\/post"}],"author":[{"embeddable":true,"href":"https:\/\/realitatearutiera.ro\/index.php?rest_route=\/wp\/v2\/users\/1"}],"replies":[{"embeddable":true,"href":"https:\/\/realitatearutiera.ro\/index.php?rest_route=%2Fwp%2Fv2%2Fcomments&post=29583"}],"version-history":[{"count":1,"href":"https:\/\/realitatearutiera.ro\/index.php?rest_route=\/wp\/v2\/posts\/29583\/revisions"}],"predecessor-version":[{"id":29586,"href":"https:\/\/realitatearutiera.ro\/index.php?rest_route=\/wp\/v2\/posts\/29583\/revisions\/29586"}],"wp:featuredmedia":[{"embeddable":true,"href":"https:\/\/realitatearutiera.ro\/index.php?rest_route=\/wp\/v2\/media\/29585"}],"wp:attachment":[{"href":"https:\/\/realitatearutiera.ro\/index.php?rest_route=%2Fwp%2Fv2%2Fmedia&parent=29583"}],"wp:term":[{"taxonomy":"category","embeddable":true,"href":"https:\/\/realitatearutiera.ro\/index.php?rest_route=%2Fwp%2Fv2%2Fcategories&post=29583"},{"taxonomy":"post_tag","embeddable":true,"href":"https:\/\/realitatearutiera.ro\/index.php?rest_route=%2Fwp%2Fv2%2Ftags&post=29583"}],"curies":[{"name":"wp","href":"https:\/\/api.w.org\/{rel}","templated":true}]}}