{"id":29805,"date":"2017-11-28T09:58:12","date_gmt":"2017-11-28T07:58:12","guid":{"rendered":"http:\/\/realitatearutiera.ro\/?p=29805"},"modified":"2017-11-28T09:58:12","modified_gmt":"2017-11-28T07:58:12","slug":"cod-galben-de-ploi-si-vant-in-bucuresti-si-ilfov-un-copac-a-cazut-peste-cinci-masini","status":"publish","type":"post","link":"https:\/\/realitatearutiera.ro\/?p=29805","title":{"rendered":"COD GALBEN de ploi \u015fi v\u00e2nt \u00een Bucure\u015fti \u015fi Ilfov. Un copac a c\u0103zut peste cinci ma\u015fini"},"content":{"rendered":"<p>Un cod galben de ploi \u015fi v\u00e2nt este \u00een vigoare \u00een mai multe regiuni ale \u0163\u0103ri, inclusiv\u00een Bucure\u015fti \u015fi Ilfov. Din cauza vremii, pe Calea Grivi\u0163ei, un copac a c\u0103zut peste cinci ma\u015fini, acestea fiind avariate, potrivit ISU Bucure\u015fti-Ilfov.<\/p>\n<p>De asemenea, din cauza ploii, la pod Jilava s-a acumulat ap\u0103 pe carosabil.<\/p>\n<p>\u00cen localitatea Pantelimon o gospod\u0103rie a fost inundat\u0103, pompierii fiind solicita\u0163i s\u0103 intervin\u0103.<\/p>\n","protected":false},"excerpt":{"rendered":"<p>Un cod galben de ploi \u015fi v\u00e2nt este \u00een vigoare \u00een mai multe regiuni ale \u0163\u0103ri, inclusiv\u00een Bucure\u015fti \u015fi Ilfov.<\/p>\n","protected":false},"author":1,"featured_media":29806,"comment_status":"closed","ping_status":"closed","sticky":false,"template":"","format":"standard","meta":{"spay_email":"","footnotes":"","jetpack_publicize_message":""},"categories":[6],"tags":[],"class_list":["post-29805","post","type-post","status-publish","format-standard","has-post-thumbnail","hentry","category-social"],"jetpack_featured_media_url":"https:\/\/i0.wp.com\/realitatearutiera.ro\/wp-content\/uploads\/2017\/11\/meteo-alert-794x529.jpg?fit=794%2C529&ssl=1","jetpack_publicize_connections":[],"jetpack_sharing_enabled":true,"jetpack_shortlink":"https:\/\/wp.me\/p61naM-7KJ","jetpack-related-posts":[],"_links":{"self":[{"href":"https:\/\/realitatearutiera.ro\/index.php?rest_route=\/wp\/v2\/posts\/29805","targetHints":{"allow":["GET"]}}],"collection":[{"href":"https:\/\/realitatearutiera.ro\/index.php?rest_route=\/wp\/v2\/posts"}],"about":[{"href":"https:\/\/realitatearutiera.ro\/index.php?rest_route=\/wp\/v2\/types\/post"}],"author":[{"embeddable":true,"href":"https:\/\/realitatearutiera.ro\/index.php?rest_route=\/wp\/v2\/users\/1"}],"replies":[{"embeddable":true,"href":"https:\/\/realitatearutiera.ro\/index.php?rest_route=%2Fwp%2Fv2%2Fcomments&post=29805"}],"version-history":[{"count":1,"href":"https:\/\/realitatearutiera.ro\/index.php?rest_route=\/wp\/v2\/posts\/29805\/revisions"}],"predecessor-version":[{"id":29807,"href":"https:\/\/realitatearutiera.ro\/index.php?rest_route=\/wp\/v2\/posts\/29805\/revisions\/29807"}],"wp:featuredmedia":[{"embeddable":true,"href":"https:\/\/realitatearutiera.ro\/index.php?rest_route=\/wp\/v2\/media\/29806"}],"wp:attachment":[{"href":"https:\/\/realitatearutiera.ro\/index.php?rest_route=%2Fwp%2Fv2%2Fmedia&parent=29805"}],"wp:term":[{"taxonomy":"category","embeddable":true,"href":"https:\/\/realitatearutiera.ro\/index.php?rest_route=%2Fwp%2Fv2%2Fcategories&post=29805"},{"taxonomy":"post_tag","embeddable":true,"href":"https:\/\/realitatearutiera.ro\/index.php?rest_route=%2Fwp%2Fv2%2Ftags&post=29805"}],"curies":[{"name":"wp","href":"https:\/\/api.w.org\/{rel}","templated":true}]}}