{"id":29850,"date":"2017-11-29T09:08:19","date_gmt":"2017-11-29T07:08:19","guid":{"rendered":"http:\/\/realitatearutiera.ro\/?p=29850"},"modified":"2017-11-29T09:08:19","modified_gmt":"2017-11-29T07:08:19","slug":"cum-vor-circula-metrourile-din-capitala-in-mini-vacanta-de-1-decembrie","status":"publish","type":"post","link":"https:\/\/realitatearutiera.ro\/?p=29850","title":{"rendered":"Cum vor circula metrourile din Capital\u0103 \u00een mini-vacan\u0163a de 1 decembrie"},"content":{"rendered":"<p>Metrorex a anun\u0163at, miercuri diminea\u0163\u0103, programul trenurilor de metrou \u00een cele patru zile de mini-vacan\u0163\u0103: 30 noiembrie &#8211; 3 decembrie. Totodat\u0103 Metrorex va introduce trenuri suplimentare.<\/p>\n<p>Trenurile vor circula \u00een aceast\u0103 perioad\u0103 conform graficelor pentru zilele de weekend \u0219i s\u0103rb\u0103tori legale, a anun\u0163at Metrorex.<\/p>\n<p>&#8220;Pentru a veni \u00een \u00eent\u00e2mpinarea celor care vor s\u0103 asiste la ceremoniile organizate cu ocazia Zilei Na\u021bionale, s\u0103 viziteze t\u00e2rgurile sau evenimentele specifice S\u0103rb\u0103torilor de Iarn\u0103 dar \u0219i s\u0103 mearg\u0103 s\u0103 admire decora\u021biunile care \u00eenfrumuse\u021beaz\u0103 capitala \u00een aceast\u0103 perioad\u0103, Metrorex va introduce trenuri suplimentare&#8221;, se spune \u00een comunicatul de pres\u0103 al Metrorex.<\/p>\n<p>&nbsp;<\/p>\n","protected":false},"excerpt":{"rendered":"<p>Metrorex a anun\u0163at, miercuri diminea\u0163\u0103, programul trenurilor de metrou \u00een cele patru zile de mini-vacan\u0163\u0103: 30 noiembrie &#8211; 3 decembrie.<\/p>\n","protected":false},"author":1,"featured_media":29851,"comment_status":"closed","ping_status":"closed","sticky":false,"template":"","format":"standard","meta":{"spay_email":"","footnotes":"","jetpack_publicize_message":""},"categories":[6],"tags":[],"class_list":["post-29850","post","type-post","status-publish","format-standard","has-post-thumbnail","hentry","category-social"],"jetpack_featured_media_url":"https:\/\/i2.wp.com\/realitatearutiera.ro\/wp-content\/uploads\/2017\/11\/aGFzaD1iMzY2YWQ3ZjIxMWZjZjE4YjE1YWNkZjZlOWEzNjFjNg.thumb_.jpg?fit=800%2C533&ssl=1","jetpack_publicize_connections":[],"jetpack_sharing_enabled":true,"jetpack_shortlink":"https:\/\/wp.me\/p61naM-7Ls","jetpack-related-posts":[],"_links":{"self":[{"href":"https:\/\/realitatearutiera.ro\/index.php?rest_route=\/wp\/v2\/posts\/29850","targetHints":{"allow":["GET"]}}],"collection":[{"href":"https:\/\/realitatearutiera.ro\/index.php?rest_route=\/wp\/v2\/posts"}],"about":[{"href":"https:\/\/realitatearutiera.ro\/index.php?rest_route=\/wp\/v2\/types\/post"}],"author":[{"embeddable":true,"href":"https:\/\/realitatearutiera.ro\/index.php?rest_route=\/wp\/v2\/users\/1"}],"replies":[{"embeddable":true,"href":"https:\/\/realitatearutiera.ro\/index.php?rest_route=%2Fwp%2Fv2%2Fcomments&post=29850"}],"version-history":[{"count":1,"href":"https:\/\/realitatearutiera.ro\/index.php?rest_route=\/wp\/v2\/posts\/29850\/revisions"}],"predecessor-version":[{"id":29852,"href":"https:\/\/realitatearutiera.ro\/index.php?rest_route=\/wp\/v2\/posts\/29850\/revisions\/29852"}],"wp:featuredmedia":[{"embeddable":true,"href":"https:\/\/realitatearutiera.ro\/index.php?rest_route=\/wp\/v2\/media\/29851"}],"wp:attachment":[{"href":"https:\/\/realitatearutiera.ro\/index.php?rest_route=%2Fwp%2Fv2%2Fmedia&parent=29850"}],"wp:term":[{"taxonomy":"category","embeddable":true,"href":"https:\/\/realitatearutiera.ro\/index.php?rest_route=%2Fwp%2Fv2%2Fcategories&post=29850"},{"taxonomy":"post_tag","embeddable":true,"href":"https:\/\/realitatearutiera.ro\/index.php?rest_route=%2Fwp%2Fv2%2Ftags&post=29850"}],"curies":[{"name":"wp","href":"https:\/\/api.w.org\/{rel}","templated":true}]}}