{"id":29856,"date":"2017-11-29T09:12:11","date_gmt":"2017-11-29T07:12:11","guid":{"rendered":"http:\/\/realitatearutiera.ro\/?p=29856"},"modified":"2017-11-29T09:12:11","modified_gmt":"2017-11-29T07:12:11","slug":"tanar-ucis-de-un-sofer-de-19-ani-victima-lasata-in-agonie-pe-marginea-drumului","status":"publish","type":"post","link":"https:\/\/realitatearutiera.ro\/?p=29856","title":{"rendered":"T\u00e2n\u0103r ucis de un \u0219ofer de 19 ani &#8211; victima, l\u0103sat\u0103 \u00een agonie pe marginea drumului!"},"content":{"rendered":"<h2>Un t\u00e2n\u0103r \u00een v\u00e2rst\u0103 de 26 de ani a fost g\u0103sit mort la marginea drumului jude\u021bean care str\u0103bate comuna Moldova Suli\u021ba, Suceava, cu leziuni care au indicat clar faptul c\u0103 a fost accidentat mortal de o ma\u0219in\u0103.<\/h2>\n<p>Descoperirea a fost f\u0103cut\u0103 ieri diminea\u021b\u0103, \u00een jurul orei 5.00, iar o echip\u0103 complex\u0103 de poli\u021bi\u0219ti rutieri \u0219i speciali\u0219ti \u00een criminalistic\u0103 au demarat cercet\u0103ri la fa\u021ba locului. Din primele date rezult\u0103 c\u0103 accidentul ar fi fost provocat de un \u0219ofer \u00eencep\u0103tor, \u00een v\u00e2rst\u0103 de numai 19 ani.<\/p>\n<p>T\u00e2n\u0103rul care a murit, Iulian Dumitru Ostaficiuc, a fost g\u0103sit de un martor. Era c\u0103zut pe carosabil, \u00een stare de incon\u0219tien\u021b\u0103. La fa\u021ba locului a fost chemat un echipaj medical, care a constatat decesul.<\/p>\n<p>\u00cen baza urmelor g\u0103site la locul accidentului, poli\u021bi\u0219tii au identificat doi suspec\u021bi. Ini\u021bial, a fost vorba de un t\u00e2n\u0103r de 22 de ani, care era \u0219i b\u0103ut, \u00eens\u0103 ulterior s-a ajuns la un t\u00e2n\u0103r de 19 ani, din Moldova Suli\u021ba. Acesta a trecut cu ma\u0219ina prin locul \u00een care a avut loc accidentul, iar poli\u021bi\u0219tii au indicii destul de serioase c\u0103 el a provocat accidentul.<\/p>\n<p>Autoturismul condus de t\u00e2n\u0103rul suspectat de producerea accidentului urmeaz\u0103 a fi investigat din punct de vedere criminalistic.<\/p>\n<p>Poli\u021bi\u0219tii au deschis dosar penal pentru infrac\u021biunea de ucidere din culp\u0103 \u0219i continu\u0103 cercet\u0103rile, pentru a stabili \u00eemprejur\u0103rile exacte \u00een care s-a produs tragedia.<\/p>\n<p>Surs\u0103:\u00a0<a href=\"https:\/\/www.monitorulsv.ro\/Local\/2017-11-28\/Tanar-accidentat-mortal-de-un-sofer-care-a-fugit-Suspectul-principal-are-19-ani\" target=\"_blank\" rel=\"noopener noreferrer\">monitorulsv.ro<\/a><\/p>\n","protected":false},"excerpt":{"rendered":"<p>Un t\u00e2n\u0103r \u00een v\u00e2rst\u0103 de 26 de ani a fost g\u0103sit mort la marginea drumului jude\u021bean care str\u0103bate comuna Moldova<\/p>\n","protected":false},"author":1,"featured_media":0,"comment_status":"closed","ping_status":"closed","sticky":false,"template":"","format":"standard","meta":{"spay_email":"","footnotes":"","jetpack_publicize_message":""},"categories":[1],"tags":[],"class_list":["post-29856","post","type-post","status-publish","format-standard","hentry","category-uncategorized"],"jetpack_featured_media_url":"","jetpack_publicize_connections":[],"jetpack_sharing_enabled":true,"jetpack_shortlink":"https:\/\/wp.me\/p61naM-7Ly","jetpack-related-posts":[],"_links":{"self":[{"href":"https:\/\/realitatearutiera.ro\/index.php?rest_route=\/wp\/v2\/posts\/29856","targetHints":{"allow":["GET"]}}],"collection":[{"href":"https:\/\/realitatearutiera.ro\/index.php?rest_route=\/wp\/v2\/posts"}],"about":[{"href":"https:\/\/realitatearutiera.ro\/index.php?rest_route=\/wp\/v2\/types\/post"}],"author":[{"embeddable":true,"href":"https:\/\/realitatearutiera.ro\/index.php?rest_route=\/wp\/v2\/users\/1"}],"replies":[{"embeddable":true,"href":"https:\/\/realitatearutiera.ro\/index.php?rest_route=%2Fwp%2Fv2%2Fcomments&post=29856"}],"version-history":[{"count":1,"href":"https:\/\/realitatearutiera.ro\/index.php?rest_route=\/wp\/v2\/posts\/29856\/revisions"}],"predecessor-version":[{"id":29857,"href":"https:\/\/realitatearutiera.ro\/index.php?rest_route=\/wp\/v2\/posts\/29856\/revisions\/29857"}],"wp:attachment":[{"href":"https:\/\/realitatearutiera.ro\/index.php?rest_route=%2Fwp%2Fv2%2Fmedia&parent=29856"}],"wp:term":[{"taxonomy":"category","embeddable":true,"href":"https:\/\/realitatearutiera.ro\/index.php?rest_route=%2Fwp%2Fv2%2Fcategories&post=29856"},{"taxonomy":"post_tag","embeddable":true,"href":"https:\/\/realitatearutiera.ro\/index.php?rest_route=%2Fwp%2Fv2%2Ftags&post=29856"}],"curies":[{"name":"wp","href":"https:\/\/api.w.org\/{rel}","templated":true}]}}