{"id":30132,"date":"2017-12-07T13:26:19","date_gmt":"2017-12-07T11:26:19","guid":{"rendered":"http:\/\/realitatearutiera.ro\/?p=30132"},"modified":"2017-12-07T11:32:43","modified_gmt":"2017-12-07T09:32:43","slug":"moment-de-mandrie-nationala-martisorul-a-fost-inclus-in-patrimoniul-cultural-al-unesco","status":"publish","type":"post","link":"https:\/\/realitatearutiera.ro\/?p=30132","title":{"rendered":"Moment de m\u00e2ndrie na\u0163ional\u0103: M\u0103r\u0163i\u015forul a fost inclus \u00een patrimoniul cultural al UNESCO"},"content":{"rendered":"<p>Liderul grupului PSD la Senat, \u015eerban Nicolae, a anun\u0163at, \u00een \u015fedin\u0163a de miercuri a Senatului, c\u0103 la reuniunea Comitetului UNESCO, din Coreea de Sud, a fost aprobat\u0103 includerea M\u0103r\u0163i\u015forului \u00een patrimoniul cultural al Organiza\u0163iei<\/p>\n<div id=\"ivm-inread\" data-zone=\"Antena3-Video-OutStream\" data-width=\"620\">\u00a0\u201eCu foarte pu\u0163in timp \u00een urm\u0103, la reuniunea Comitetului \u00eendrituit al UNESCO, din Coreea, s-a aprobat includerea \u00een patrimoniul imaterial cultural al UNESCO a M\u0103r\u0163i\u015forului &#8211; obicei tradi\u0163ional din aceste zone, pre-cre\u015ftin, anterior marilor migra\u0163ii, specific popula\u0163iei autohtone, dar care se \u00eentinde azi pe teritoriul mai multor \u0163\u0103ri din zona balcanic\u0103, din Republica Moldova, p\u00e2n\u0103 \u00een zona Macedonia. Eu cred c\u0103 este un lucru important. Al\u0103turi de doin\u0103, \u00een patrimoniul cultural al UNESCO s\u0103 fie \u015fi M\u0103r\u0163i\u015forul, tradi\u0163ionala s\u0103rb\u0103toare a rom\u00e2nilor\u201d, a precizat \u015eerban Nicolae, miercuri, \u00een plenul Senatului.<\/div>\n<div data-zone=\"Antena3-Video-OutStream\" data-width=\"620\"><\/div>\n<div data-zone=\"Antena3-Video-OutStream\" data-width=\"620\">Sursa:antena3<\/div>\n","protected":false},"excerpt":{"rendered":"<p>Liderul grupului PSD la Senat, \u015eerban Nicolae, a anun\u0163at, \u00een \u015fedin\u0163a de miercuri a Senatului, c\u0103 la reuniunea Comitetului UNESCO,<\/p>\n","protected":false},"author":1,"featured_media":30133,"comment_status":"closed","ping_status":"closed","sticky":false,"template":"","format":"standard","meta":{"spay_email":"","footnotes":"","jetpack_publicize_message":""},"categories":[6],"tags":[],"class_list":["post-30132","post","type-post","status-publish","format-standard","has-post-thumbnail","hentry","category-social"],"jetpack_featured_media_url":"https:\/\/i0.wp.com\/realitatearutiera.ro\/wp-content\/uploads\/2017\/12\/martisor.jpg?fit=230%2C219&ssl=1","jetpack_publicize_connections":[],"jetpack_sharing_enabled":true,"jetpack_shortlink":"https:\/\/wp.me\/p61naM-7Q0","jetpack-related-posts":[],"_links":{"self":[{"href":"https:\/\/realitatearutiera.ro\/index.php?rest_route=\/wp\/v2\/posts\/30132","targetHints":{"allow":["GET"]}}],"collection":[{"href":"https:\/\/realitatearutiera.ro\/index.php?rest_route=\/wp\/v2\/posts"}],"about":[{"href":"https:\/\/realitatearutiera.ro\/index.php?rest_route=\/wp\/v2\/types\/post"}],"author":[{"embeddable":true,"href":"https:\/\/realitatearutiera.ro\/index.php?rest_route=\/wp\/v2\/users\/1"}],"replies":[{"embeddable":true,"href":"https:\/\/realitatearutiera.ro\/index.php?rest_route=%2Fwp%2Fv2%2Fcomments&post=30132"}],"version-history":[{"count":1,"href":"https:\/\/realitatearutiera.ro\/index.php?rest_route=\/wp\/v2\/posts\/30132\/revisions"}],"predecessor-version":[{"id":30134,"href":"https:\/\/realitatearutiera.ro\/index.php?rest_route=\/wp\/v2\/posts\/30132\/revisions\/30134"}],"wp:featuredmedia":[{"embeddable":true,"href":"https:\/\/realitatearutiera.ro\/index.php?rest_route=\/wp\/v2\/media\/30133"}],"wp:attachment":[{"href":"https:\/\/realitatearutiera.ro\/index.php?rest_route=%2Fwp%2Fv2%2Fmedia&parent=30132"}],"wp:term":[{"taxonomy":"category","embeddable":true,"href":"https:\/\/realitatearutiera.ro\/index.php?rest_route=%2Fwp%2Fv2%2Fcategories&post=30132"},{"taxonomy":"post_tag","embeddable":true,"href":"https:\/\/realitatearutiera.ro\/index.php?rest_route=%2Fwp%2Fv2%2Ftags&post=30132"}],"curies":[{"name":"wp","href":"https:\/\/api.w.org\/{rel}","templated":true}]}}