{"id":30446,"date":"2017-12-15T08:00:19","date_gmt":"2017-12-15T06:00:19","guid":{"rendered":"http:\/\/realitatearutiera.ro\/?p=30446"},"modified":"2017-12-15T08:00:19","modified_gmt":"2017-12-15T06:00:19","slug":"bilantul-tragic-al-accidentului-din-franta","status":"publish","type":"post","link":"https:\/\/realitatearutiera.ro\/?p=30446","title":{"rendered":"Bilan\u0163ul TRAGIC al accidentului din Fran\u0163a"},"content":{"rendered":"<p>Patru copii au murit, iar alte 19 persoane au fost r\u0103nite, dintre care \u015fapte grav, \u00een coliziunea care a avut loc joi dup\u0103-amiaza \u00eentre un autobuz \u015fcolar \u015fi un tren expres regional (TER) la o trecere la nivel cu calea ferat\u0103, potrivit unui nou bilan\u0163 provizoriu anun\u0163at de Ministerul francez de Interne, relateaz\u0103 Reuters.<\/p>\n<p>Victimele sunt pasageri ai autobuzului, care transporta copii cu v\u00e2rste cuprinse \u00eentre 13 \u015fi 17 ani. Accidentul a avut loc \u00een jurul orei 17:00 (ora Rom\u00e2niei) la o trecere la nivel cu calea ferat\u0103 \u00een comuna Millas, \u00een departamentul Pirineii Orientali, \u00een apropiere de grani\u0163a cu Spania, la peste 850 de kilometri de Paris.<\/p>\n<p>Ministerul anun\u0163\u0103 \u00eentr-un comunicat \u015fapte r\u0103ni\u0163i \u00een \u201durgen\u0163\u0103 absolut\u0103\u201d \u015fi nou\u0103 r\u0103ni\u0163i \u00een \u201durgen\u0163\u0103 relativ\u0103\u201d \u00een autocar, dar \u015fi \u201dtrei urgen\u0163e relative\u201d \u00een TER.<\/p>\n<p>Sursa:adevarul.ro<\/p>\n","protected":false},"excerpt":{"rendered":"<p>Patru copii au murit, iar alte 19 persoane au fost r\u0103nite, dintre care \u015fapte grav, \u00een coliziunea care a avut<\/p>\n","protected":false},"author":1,"featured_media":30447,"comment_status":"closed","ping_status":"closed","sticky":false,"template":"","format":"standard","meta":{"spay_email":"","footnotes":"","jetpack_publicize_message":""},"categories":[12],"tags":[],"class_list":["post-30446","post","type-post","status-publish","format-standard","has-post-thumbnail","hentry","category-stiri-internationale"],"jetpack_featured_media_url":"https:\/\/i1.wp.com\/realitatearutiera.ro\/wp-content\/uploads\/2017\/12\/646x404-4.jpg?fit=646%2C404&ssl=1","jetpack_publicize_connections":[],"jetpack_sharing_enabled":true,"jetpack_shortlink":"https:\/\/wp.me\/p61naM-7V4","jetpack-related-posts":[],"_links":{"self":[{"href":"https:\/\/realitatearutiera.ro\/index.php?rest_route=\/wp\/v2\/posts\/30446","targetHints":{"allow":["GET"]}}],"collection":[{"href":"https:\/\/realitatearutiera.ro\/index.php?rest_route=\/wp\/v2\/posts"}],"about":[{"href":"https:\/\/realitatearutiera.ro\/index.php?rest_route=\/wp\/v2\/types\/post"}],"author":[{"embeddable":true,"href":"https:\/\/realitatearutiera.ro\/index.php?rest_route=\/wp\/v2\/users\/1"}],"replies":[{"embeddable":true,"href":"https:\/\/realitatearutiera.ro\/index.php?rest_route=%2Fwp%2Fv2%2Fcomments&post=30446"}],"version-history":[{"count":1,"href":"https:\/\/realitatearutiera.ro\/index.php?rest_route=\/wp\/v2\/posts\/30446\/revisions"}],"predecessor-version":[{"id":30448,"href":"https:\/\/realitatearutiera.ro\/index.php?rest_route=\/wp\/v2\/posts\/30446\/revisions\/30448"}],"wp:featuredmedia":[{"embeddable":true,"href":"https:\/\/realitatearutiera.ro\/index.php?rest_route=\/wp\/v2\/media\/30447"}],"wp:attachment":[{"href":"https:\/\/realitatearutiera.ro\/index.php?rest_route=%2Fwp%2Fv2%2Fmedia&parent=30446"}],"wp:term":[{"taxonomy":"category","embeddable":true,"href":"https:\/\/realitatearutiera.ro\/index.php?rest_route=%2Fwp%2Fv2%2Fcategories&post=30446"},{"taxonomy":"post_tag","embeddable":true,"href":"https:\/\/realitatearutiera.ro\/index.php?rest_route=%2Fwp%2Fv2%2Ftags&post=30446"}],"curies":[{"name":"wp","href":"https:\/\/api.w.org\/{rel}","templated":true}]}}