{"id":30559,"date":"2017-12-19T08:11:19","date_gmt":"2017-12-19T06:11:19","guid":{"rendered":"http:\/\/realitatearutiera.ro\/?p=30559"},"modified":"2017-12-19T08:11:19","modified_gmt":"2017-12-19T06:11:19","slug":"ofiter-sri-anchetat-pentru-provocarea-unui-accident-mortal","status":"publish","type":"post","link":"https:\/\/realitatearutiera.ro\/?p=30559","title":{"rendered":"Ofi\u021ber SRI anchetat pentru provocarea unui ACCIDENT MORTAL"},"content":{"rendered":"<p lang=\"ro-RO\">Luni dup\u0103 amiaz\u0103, \u00een jurul orelor 18:00, \u00een localitatea T\u00e2nc\u0103be\u0219ti, jude\u021bul Ilfov, a avut loc un accident rutier soldat cu decesul unei persoane. Victima a fost lovit\u0103 \u00een timp ce traversa strada.<\/p>\n<p lang=\"ro-RO\">\u00cen urma expertizei se va stabili dac\u0103 femeia de 35 de ani se afla sau nu pe trecerea de pietoni.<\/p>\n<p lang=\"ro-RO\">\u0218oferul avea o alcolemie de 0,43 ml\/l alcool pur \u00een aerul expirat \u0219i este militar \u00een cadrul SRI. El se deplasa de la Ploie\u0219ti la Bucure\u0219ti.<\/p>\n<p lang=\"ro-RO\">Cercet\u0103rile continu\u0103 sub coordonarea procurorului de caz din cadrul parchetului militar pentru stabilirea tuturor \u00eemprejur\u0103rilor \u00een care s-a produs fapta. \u00cen cauz\u0103 s-a \u00eentocmit dosar penal sub aspectul uciderii din culp\u0103 \u0219i conducere sub influen\u021ba b\u0103uturilor alcoolice.<\/p>\n<p lang=\"ro-RO\">sursa: digi24.ro<\/p>\n","protected":false},"excerpt":{"rendered":"<p>Luni dup\u0103 amiaz\u0103, \u00een jurul orelor 18:00, \u00een localitatea T\u00e2nc\u0103be\u0219ti, jude\u021bul Ilfov, a avut loc un accident rutier soldat cu<\/p>\n","protected":false},"author":1,"featured_media":30232,"comment_status":"closed","ping_status":"closed","sticky":false,"template":"","format":"standard","meta":{"spay_email":"","footnotes":"","jetpack_publicize_message":""},"categories":[1],"tags":[],"class_list":["post-30559","post","type-post","status-publish","format-standard","has-post-thumbnail","hentry","category-uncategorized"],"jetpack_featured_media_url":"https:\/\/i0.wp.com\/realitatearutiera.ro\/wp-content\/uploads\/2017\/12\/accident-f25.jpg?fit=960%2C540&ssl=1","jetpack_publicize_connections":[],"jetpack_sharing_enabled":true,"jetpack_shortlink":"https:\/\/wp.me\/p61naM-7WT","jetpack-related-posts":[],"_links":{"self":[{"href":"https:\/\/realitatearutiera.ro\/index.php?rest_route=\/wp\/v2\/posts\/30559","targetHints":{"allow":["GET"]}}],"collection":[{"href":"https:\/\/realitatearutiera.ro\/index.php?rest_route=\/wp\/v2\/posts"}],"about":[{"href":"https:\/\/realitatearutiera.ro\/index.php?rest_route=\/wp\/v2\/types\/post"}],"author":[{"embeddable":true,"href":"https:\/\/realitatearutiera.ro\/index.php?rest_route=\/wp\/v2\/users\/1"}],"replies":[{"embeddable":true,"href":"https:\/\/realitatearutiera.ro\/index.php?rest_route=%2Fwp%2Fv2%2Fcomments&post=30559"}],"version-history":[{"count":1,"href":"https:\/\/realitatearutiera.ro\/index.php?rest_route=\/wp\/v2\/posts\/30559\/revisions"}],"predecessor-version":[{"id":30560,"href":"https:\/\/realitatearutiera.ro\/index.php?rest_route=\/wp\/v2\/posts\/30559\/revisions\/30560"}],"wp:featuredmedia":[{"embeddable":true,"href":"https:\/\/realitatearutiera.ro\/index.php?rest_route=\/wp\/v2\/media\/30232"}],"wp:attachment":[{"href":"https:\/\/realitatearutiera.ro\/index.php?rest_route=%2Fwp%2Fv2%2Fmedia&parent=30559"}],"wp:term":[{"taxonomy":"category","embeddable":true,"href":"https:\/\/realitatearutiera.ro\/index.php?rest_route=%2Fwp%2Fv2%2Fcategories&post=30559"},{"taxonomy":"post_tag","embeddable":true,"href":"https:\/\/realitatearutiera.ro\/index.php?rest_route=%2Fwp%2Fv2%2Ftags&post=30559"}],"curies":[{"name":"wp","href":"https:\/\/api.w.org\/{rel}","templated":true}]}}