{"id":30823,"date":"2018-01-04T14:47:45","date_gmt":"2018-01-04T12:47:45","guid":{"rendered":"http:\/\/realitatearutiera.ro\/?p=30823"},"modified":"2018-01-04T14:47:45","modified_gmt":"2018-01-04T12:47:45","slug":"ciocnire-violenta-intre-un-autoturism-si-o-ambulanta-la-timisoara","status":"publish","type":"post","link":"https:\/\/realitatearutiera.ro\/?p=30823","title":{"rendered":"Ciocnire VIOLENT\u0102  \u00eentre un autoturism si o ambulan\u021b\u0103 la Timi\u0219oara"},"content":{"rendered":"<p>O autospecial\u0103 sanitar\u0103 care se afla \u00een misiune, transport\u00e2nd un pacient, a fost lovit\u0103 de un autoturism \u00een care se afla \u015fi un bebelu\u015f de 4 luni, ast\u0103zi, \u00eentr-o intersec\u0163ie din Timi\u015foara. \u00cen urma accidentului, micu\u0163ul \u015fi mama lui au fost transporta\u0163i la spital.<\/p>\n<p>Purt\u0103toarea de cuv\u00e2nt a Inspectoratului Jude\u021bean pentru Situa\u021bii de Urgen\u021b\u0103 Timi\u0219, Elena Megherea, a declarat, pentru <a href=\"http:\/\/www.opiniatimisoarei.ro\/accident-cu-o-ambulanta-intr-o-intersectie-mare-din-timisoara-un-bebelus-a-ajuns-pe-mana-medicilor-foto\/04\/01\/2018\" target=\"_blank\" rel=\"noopener noreferrer\">Opinia Timi\u015foarei<\/a>, c\u0103 o ambulan\u021b\u0103 SMURD care transporta un pacient la spital \u0219i care avea semnalele acustice \u0219i luminoase pornite a fost lovit\u0103 de o ma\u0219in\u0103 care nu i-a acordat prioritate, condus\u0103 de o femeie de 28 de ani.<\/p>\n<p>\u201eFemeia care conducea ma\u0219ina are zg\u00e2rieturi, iar bebelu\u0219ul nu a fost r\u0103nit, dar ambii au fost transporta\u021bi la spital. Pacientul aflat \u00een ambulan\u021ba SMURD implicat\u0103 \u00een accident a fost preluat de o alt\u0103 ambulan\u021b\u0103 \u0219i transportat la spital. Echipajul medical de pe ambulan\u021b\u0103, format din trei persoane, nu a fost r\u0103nit\u201d, a declarat Elena Megherea.<\/p>\n<p>sursa: realitatea.net<\/p>\n","protected":false},"excerpt":{"rendered":"<p>O autospecial\u0103 sanitar\u0103 care se afla \u00een misiune, transport\u00e2nd un pacient, a fost lovit\u0103 de un autoturism \u00een care se<\/p>\n","protected":false},"author":1,"featured_media":29411,"comment_status":"closed","ping_status":"closed","sticky":false,"template":"","format":"standard","meta":{"spay_email":"","footnotes":"","jetpack_publicize_message":""},"categories":[1],"tags":[],"class_list":["post-30823","post","type-post","status-publish","format-standard","has-post-thumbnail","hentry","category-uncategorized"],"jetpack_featured_media_url":"https:\/\/i1.wp.com\/realitatearutiera.ro\/wp-content\/uploads\/2017\/11\/accident-1.jpg?fit=620%2C348&ssl=1","jetpack_publicize_connections":[],"jetpack_sharing_enabled":true,"jetpack_shortlink":"https:\/\/wp.me\/p61naM-819","jetpack-related-posts":[],"_links":{"self":[{"href":"https:\/\/realitatearutiera.ro\/index.php?rest_route=\/wp\/v2\/posts\/30823","targetHints":{"allow":["GET"]}}],"collection":[{"href":"https:\/\/realitatearutiera.ro\/index.php?rest_route=\/wp\/v2\/posts"}],"about":[{"href":"https:\/\/realitatearutiera.ro\/index.php?rest_route=\/wp\/v2\/types\/post"}],"author":[{"embeddable":true,"href":"https:\/\/realitatearutiera.ro\/index.php?rest_route=\/wp\/v2\/users\/1"}],"replies":[{"embeddable":true,"href":"https:\/\/realitatearutiera.ro\/index.php?rest_route=%2Fwp%2Fv2%2Fcomments&post=30823"}],"version-history":[{"count":1,"href":"https:\/\/realitatearutiera.ro\/index.php?rest_route=\/wp\/v2\/posts\/30823\/revisions"}],"predecessor-version":[{"id":30824,"href":"https:\/\/realitatearutiera.ro\/index.php?rest_route=\/wp\/v2\/posts\/30823\/revisions\/30824"}],"wp:featuredmedia":[{"embeddable":true,"href":"https:\/\/realitatearutiera.ro\/index.php?rest_route=\/wp\/v2\/media\/29411"}],"wp:attachment":[{"href":"https:\/\/realitatearutiera.ro\/index.php?rest_route=%2Fwp%2Fv2%2Fmedia&parent=30823"}],"wp:term":[{"taxonomy":"category","embeddable":true,"href":"https:\/\/realitatearutiera.ro\/index.php?rest_route=%2Fwp%2Fv2%2Fcategories&post=30823"},{"taxonomy":"post_tag","embeddable":true,"href":"https:\/\/realitatearutiera.ro\/index.php?rest_route=%2Fwp%2Fv2%2Ftags&post=30823"}],"curies":[{"name":"wp","href":"https:\/\/api.w.org\/{rel}","templated":true}]}}