{"id":31669,"date":"2018-01-25T08:44:48","date_gmt":"2018-01-25T06:44:48","guid":{"rendered":"http:\/\/realitatearutiera.ro\/?p=31669"},"modified":"2018-01-25T08:44:48","modified_gmt":"2018-01-25T06:44:48","slug":"soc-un-sofer-fara-permis-si-a-pierdut-viata","status":"publish","type":"post","link":"https:\/\/realitatearutiera.ro\/?p=31669","title":{"rendered":"\u015eOC!!! Un \u0219ofer f\u0103r\u0103 permis \u0219i-a pierdut via\u021ba"},"content":{"rendered":"<p>Un \u0219ofer de 41 de ani, care nu avea carnet de conducere, a murit miercuri seara \u00eenn urma unui accident rutier ce a avut loc \u00een jude\u021bul Bihor. Acesta mai era \u00een ma\u0219in\u0103 cu \u00a0un t\u00e2n\u0103r, \u00een v\u00e2rst\u0103 de 28 de ani, care a reu\u0219it s\u0103 scape cu via\u021b\u0103.<\/p>\n<div id=\"ivm-inread\" data-zone=\"Antena3-Video-OutStream\" data-width=\"620\">\u00a0\u0218oferul f\u0103r\u0103 permis a murit pe loc atunci c\u00e2nd ma\u0219ina pe care o conducea a intrat \u00eentr-un cap de pod.<\/div>\n<div data-zone=\"Antena3-Video-OutStream\" data-width=\"620\"><\/div>\n<div data-zone=\"Antena3-Video-OutStream\" data-width=\"620\">\u2033\u00cen jurul orei 18, pe Drumul Comunal 179, \u00een localitatea Telechiu, jude\u0163ul Bihor, un b\u0103rbat de 41 de ani, din comuna Derna, \u00een timp ce conducea un autoturism, f\u0103r\u0103 a poseda permis de conducere, nu a adaptat viteza de deplasare la condi\u0163iile de drum, iar \u00eentr-o curb\u0103 deosebit de periculoas\u0103 la dreapta, marcat\u0103 \u015fi semnalizat\u0103 regulamentar, a pierdut controlul asupra direc\u0163iei de deplasare \u015fi a intrat \u00een coliziune cu un cap de pod, aflat pe sensul opus, \u00een afara p\u0103r\u0163ii carosabile\u201d, a declarat comisarul Alina Dinu, purt\u0103torul de cuv\u00e2nt al Poli\u021biei Bihor, potrivit\u00a0<a href=\"http:\/\/www.ebihoreanul.ro\/stiri\/ultima-or-31-1\/si-vitezoman-si-fara-permis-un-barbat-de-41-de-ani-a-murit-dupa-ce-a-intrat-cu-masina-intr-un-cap-de-pod-139347.html\" target=\"_blank\" rel=\"noopener noreferrer\">ebihoreanul<\/a>.<\/div>\n<div data-zone=\"Antena3-Video-OutStream\" data-width=\"620\"><\/div>\n<div data-zone=\"Antena3-Video-OutStream\" data-width=\"620\">Sursa:antena3.ro<\/div>\n","protected":false},"excerpt":{"rendered":"<p>Un \u0219ofer de 41 de ani, care nu avea carnet de conducere, a murit miercuri seara \u00eenn urma unui accident<\/p>\n","protected":false},"author":1,"featured_media":31670,"comment_status":"closed","ping_status":"closed","sticky":false,"template":"","format":"standard","meta":{"spay_email":"","footnotes":"","jetpack_publicize_message":""},"categories":[1],"tags":[],"class_list":["post-31669","post","type-post","status-publish","format-standard","has-post-thumbnail","hentry","category-uncategorized"],"jetpack_featured_media_url":"https:\/\/i2.wp.com\/realitatearutiera.ro\/wp-content\/uploads\/2018\/01\/accident-cumplit-in-judetul-bihor-un-sofer-fara-permis-si-a-pierdut-viata-505004.jpg?fit=465%2C326&ssl=1","jetpack_publicize_connections":[],"jetpack_sharing_enabled":true,"jetpack_shortlink":"https:\/\/wp.me\/p61naM-8eN","jetpack-related-posts":[],"_links":{"self":[{"href":"https:\/\/realitatearutiera.ro\/index.php?rest_route=\/wp\/v2\/posts\/31669","targetHints":{"allow":["GET"]}}],"collection":[{"href":"https:\/\/realitatearutiera.ro\/index.php?rest_route=\/wp\/v2\/posts"}],"about":[{"href":"https:\/\/realitatearutiera.ro\/index.php?rest_route=\/wp\/v2\/types\/post"}],"author":[{"embeddable":true,"href":"https:\/\/realitatearutiera.ro\/index.php?rest_route=\/wp\/v2\/users\/1"}],"replies":[{"embeddable":true,"href":"https:\/\/realitatearutiera.ro\/index.php?rest_route=%2Fwp%2Fv2%2Fcomments&post=31669"}],"version-history":[{"count":1,"href":"https:\/\/realitatearutiera.ro\/index.php?rest_route=\/wp\/v2\/posts\/31669\/revisions"}],"predecessor-version":[{"id":31671,"href":"https:\/\/realitatearutiera.ro\/index.php?rest_route=\/wp\/v2\/posts\/31669\/revisions\/31671"}],"wp:featuredmedia":[{"embeddable":true,"href":"https:\/\/realitatearutiera.ro\/index.php?rest_route=\/wp\/v2\/media\/31670"}],"wp:attachment":[{"href":"https:\/\/realitatearutiera.ro\/index.php?rest_route=%2Fwp%2Fv2%2Fmedia&parent=31669"}],"wp:term":[{"taxonomy":"category","embeddable":true,"href":"https:\/\/realitatearutiera.ro\/index.php?rest_route=%2Fwp%2Fv2%2Fcategories&post=31669"},{"taxonomy":"post_tag","embeddable":true,"href":"https:\/\/realitatearutiera.ro\/index.php?rest_route=%2Fwp%2Fv2%2Ftags&post=31669"}],"curies":[{"name":"wp","href":"https:\/\/api.w.org\/{rel}","templated":true}]}}