{"id":31878,"date":"2018-01-31T09:47:10","date_gmt":"2018-01-31T07:47:10","guid":{"rendered":"http:\/\/realitatearutiera.ro\/?p=31878"},"modified":"2018-01-31T09:47:10","modified_gmt":"2018-01-31T07:47:10","slug":"o-femeie-a-murit-in-urma-unui-accident-rutier","status":"publish","type":"post","link":"https:\/\/realitatearutiera.ro\/?p=31878","title":{"rendered":"O femeie a murit \u00een urma unui accident rutier"},"content":{"rendered":"<p>O femeie \u00een v\u00e2rst\u0103 de 32 de ani a murit \u015fi o alta a fost r\u0103nit\u0103 \u00een urma unui accident rutier care a avut loc, \u00een noaptea de mar\u0163i spre miercuri, \u00een jude\u0163ul Neam\u0163, a anun\u0163at purt\u0103torul de cuv\u00e2nt al Inspectoratului pentru Situa\u0163ii de Urgen\u0163\u0103 (ISU), Adrian Rotaru.<\/p>\n<p>Potrivit acestuia, cele dou\u0103 persoane se aflau \u00eentr-un autoturism care a lovit violent un gard de beton din satul Ruseni, comuna Borle\u015fti.<\/p>\n<p>\u00cen urma impactului, cele dou\u0103 victime au r\u0103mas \u00eencarcerate, av\u00e2nd nevoie de interven\u0163ia echipei de descarcerare pentru a fi scoase din ma\u015fin\u0103.<\/p>\n<p>&#8220;Una dintre persoane, con\u015ftient\u0103, a fost preluat\u0103 de echipajul Serviciului Jude\u0163ean de Ambulan\u0163\u0103. Cealalt\u0103 persoan\u0103 era incon\u015ftient\u0103, fiind efectuate manevre de resuscitare. Ulterior a fost declarat decesul&#8221;, a afirmat Rotaru.<\/p>\n<p>Sursa:antena3.ro<\/p>\n","protected":false},"excerpt":{"rendered":"<p>O femeie \u00een v\u00e2rst\u0103 de 32 de ani a murit \u015fi o alta a fost r\u0103nit\u0103 \u00een urma unui accident<\/p>\n","protected":false},"author":1,"featured_media":31357,"comment_status":"closed","ping_status":"closed","sticky":false,"template":"","format":"standard","meta":{"spay_email":"","footnotes":"","jetpack_publicize_message":""},"categories":[1],"tags":[],"class_list":["post-31878","post","type-post","status-publish","format-standard","has-post-thumbnail","hentry","category-uncategorized"],"jetpack_featured_media_url":"https:\/\/i0.wp.com\/realitatearutiera.ro\/wp-content\/uploads\/2018\/01\/accident_semn_685x320_31502300.jpg?fit=728%2C365&ssl=1","jetpack_publicize_connections":[],"jetpack_sharing_enabled":true,"jetpack_shortlink":"https:\/\/wp.me\/p61naM-8ia","jetpack-related-posts":[],"_links":{"self":[{"href":"https:\/\/realitatearutiera.ro\/index.php?rest_route=\/wp\/v2\/posts\/31878","targetHints":{"allow":["GET"]}}],"collection":[{"href":"https:\/\/realitatearutiera.ro\/index.php?rest_route=\/wp\/v2\/posts"}],"about":[{"href":"https:\/\/realitatearutiera.ro\/index.php?rest_route=\/wp\/v2\/types\/post"}],"author":[{"embeddable":true,"href":"https:\/\/realitatearutiera.ro\/index.php?rest_route=\/wp\/v2\/users\/1"}],"replies":[{"embeddable":true,"href":"https:\/\/realitatearutiera.ro\/index.php?rest_route=%2Fwp%2Fv2%2Fcomments&post=31878"}],"version-history":[{"count":1,"href":"https:\/\/realitatearutiera.ro\/index.php?rest_route=\/wp\/v2\/posts\/31878\/revisions"}],"predecessor-version":[{"id":31880,"href":"https:\/\/realitatearutiera.ro\/index.php?rest_route=\/wp\/v2\/posts\/31878\/revisions\/31880"}],"wp:featuredmedia":[{"embeddable":true,"href":"https:\/\/realitatearutiera.ro\/index.php?rest_route=\/wp\/v2\/media\/31357"}],"wp:attachment":[{"href":"https:\/\/realitatearutiera.ro\/index.php?rest_route=%2Fwp%2Fv2%2Fmedia&parent=31878"}],"wp:term":[{"taxonomy":"category","embeddable":true,"href":"https:\/\/realitatearutiera.ro\/index.php?rest_route=%2Fwp%2Fv2%2Fcategories&post=31878"},{"taxonomy":"post_tag","embeddable":true,"href":"https:\/\/realitatearutiera.ro\/index.php?rest_route=%2Fwp%2Fv2%2Ftags&post=31878"}],"curies":[{"name":"wp","href":"https:\/\/api.w.org\/{rel}","templated":true}]}}