{"id":32209,"date":"2018-02-07T13:32:37","date_gmt":"2018-02-07T11:32:37","guid":{"rendered":"http:\/\/realitatearutiera.ro\/?p=32209"},"modified":"2018-02-07T09:34:26","modified_gmt":"2018-02-07T07:34:26","slug":"circulatia-masinilor-mai-vechi-de-20-de-ani-va-fi-interzisa","status":"publish","type":"post","link":"https:\/\/realitatearutiera.ro\/?p=32209","title":{"rendered":"Circula\u0163ia ma\u0219inilor mai vechi de 20 de ani va fi interzis\u0103"},"content":{"rendered":"<p><strong>Autorit\u0103\u0163ile din Nepal vor interzice circula\u0163ia vehiculelor cu o vechime de peste 20 de ani pe drumurile de aceast\u0103 \u0163ar\u0103, \u00een \u00eencercarea de a \u0163ine sub control degradarea calit\u0103\u0163ii aerului \u015fi de a decongestiona traficul, au declarat mar\u0163i oficialii locali, cita\u0163i de DPA \u0219i\u00a0<a href=\"https:\/\/www.agerpres.ro\/\" target=\"_blank\" rel=\"noopener noreferrer\" data-skip-linkfix=\"1\">Agerpres<\/a>.<\/strong><br \/>\nDecizia guvernului, care survine dup\u0103 o campanie similar\u0103 \u00een capitala Kathmandu cu un an \u00een urm\u0103, va elimina de pe drumurile din aceast\u0103 \u0163ar\u0103 circa 5.000 de vehicule vechi, inclusiv autobuze, camioane \u015fi microbuze.<\/p>\n<p>&#8220;Dup\u0103 jum\u0103tatea lunii martie, vehiculele mai vechi de 20 de ani nu vor mai putea circula pe \u015fosele&#8221;, a declarat Birendra Bahadur Swar, purt\u0103tor de cuv\u00e2nt la departamentul de gestionare a transporturilor &#8211; exceptate de la aceast\u0103 regul\u0103 fiind doar taxiurile.<\/p>\n<p>&#8220;Sper\u0103m c\u0103 acest aceast\u0103 m\u0103sur\u0103 va contribui la reducerea polu\u0103rii \u015fi la decongestionarea traficului \u00een toat\u0103 \u0163ara&#8221;, a ad\u0103ugat acesta pentru DPA.<\/p>\n<p>Autorit\u0103\u0163ile au interzis, de asemenea, prezen\u0163a autoturismelor \u00een mai multe zone importante din Kathmandu pentru a reduce congestionarea traficului.<\/p>\n<p>M\u0103surile survin \u00een contextul \u00een care Indicele Global al Performan\u0163ei de Mediu (EPI), dat publicit\u0103\u0163ii \u00een luna ianuarie, plasa calitatea aerului din Nepal printre cele mai proaste din lume.<\/p>\n<p>sursa: digi24.ro<\/p>\n","protected":false},"excerpt":{"rendered":"<p>Autorit\u0103\u0163ile din Nepal vor interzice circula\u0163ia vehiculelor cu o vechime de peste 20 de ani pe drumurile de aceast\u0103 \u0163ar\u0103,<\/p>\n","protected":false},"author":1,"featured_media":32210,"comment_status":"closed","ping_status":"closed","sticky":false,"template":"","format":"standard","meta":{"spay_email":"","footnotes":"","jetpack_publicize_message":""},"categories":[12],"tags":[],"class_list":["post-32209","post","type-post","status-publish","format-standard","has-post-thumbnail","hentry","category-stiri-internationale"],"jetpack_featured_media_url":"https:\/\/i0.wp.com\/realitatearutiera.ro\/wp-content\/uploads\/2018\/02\/masinile-non-euro-euro-1-si-euro-2-pot-plati-3000-01aac14314d500f61b-940-0-1-95-1.jpg?fit=940%2C460&ssl=1","jetpack_publicize_connections":[],"jetpack_sharing_enabled":true,"jetpack_shortlink":"https:\/\/wp.me\/p61naM-8nv","jetpack-related-posts":[],"_links":{"self":[{"href":"https:\/\/realitatearutiera.ro\/index.php?rest_route=\/wp\/v2\/posts\/32209","targetHints":{"allow":["GET"]}}],"collection":[{"href":"https:\/\/realitatearutiera.ro\/index.php?rest_route=\/wp\/v2\/posts"}],"about":[{"href":"https:\/\/realitatearutiera.ro\/index.php?rest_route=\/wp\/v2\/types\/post"}],"author":[{"embeddable":true,"href":"https:\/\/realitatearutiera.ro\/index.php?rest_route=\/wp\/v2\/users\/1"}],"replies":[{"embeddable":true,"href":"https:\/\/realitatearutiera.ro\/index.php?rest_route=%2Fwp%2Fv2%2Fcomments&post=32209"}],"version-history":[{"count":1,"href":"https:\/\/realitatearutiera.ro\/index.php?rest_route=\/wp\/v2\/posts\/32209\/revisions"}],"predecessor-version":[{"id":32211,"href":"https:\/\/realitatearutiera.ro\/index.php?rest_route=\/wp\/v2\/posts\/32209\/revisions\/32211"}],"wp:featuredmedia":[{"embeddable":true,"href":"https:\/\/realitatearutiera.ro\/index.php?rest_route=\/wp\/v2\/media\/32210"}],"wp:attachment":[{"href":"https:\/\/realitatearutiera.ro\/index.php?rest_route=%2Fwp%2Fv2%2Fmedia&parent=32209"}],"wp:term":[{"taxonomy":"category","embeddable":true,"href":"https:\/\/realitatearutiera.ro\/index.php?rest_route=%2Fwp%2Fv2%2Fcategories&post=32209"},{"taxonomy":"post_tag","embeddable":true,"href":"https:\/\/realitatearutiera.ro\/index.php?rest_route=%2Fwp%2Fv2%2Ftags&post=32209"}],"curies":[{"name":"wp","href":"https:\/\/api.w.org\/{rel}","templated":true}]}}