{"id":3243,"date":"2015-07-09T05:44:45","date_gmt":"2015-07-09T05:44:45","guid":{"rendered":"http:\/\/realitatearutiera.ro\/?p=3243"},"modified":"2015-07-09T05:44:45","modified_gmt":"2015-07-09T05:44:45","slug":"trafic-ingreunat-pe-dn7-sibiu-ramnicu-valcea","status":"publish","type":"post","link":"https:\/\/realitatearutiera.ro\/?p=3243","title":{"rendered":"Trafic ingreunat pe DN7 Sibiu &#8211; Ramnicu Valcea!"},"content":{"rendered":"<p><strong>Centrul Infotrafic din Inspectoratul General al Poli\u0163iei Rom\u00e2ne<\/strong> informeaz\u0103 c\u0103,\u00a0in aceasta dimineata\u00a0\u00een jude\u0163ul V\u00e2lcea, traficul rutier se desf\u0103\u015foar\u0103 \u00eengreunat (pe un fir, alternativ) pe DN7 Sibiu &#8211; R\u00e2mnicu V\u00e2lcea, la kilometrul 218, pe raza localit\u0103\u0163ii Tu\u0163ule\u015fti, din cauza unui eveniment rutier \u00een care a fost implicat un autoturism.<\/p>\n<p>Conduc\u0103torii auto sunt sf\u0103tui\u021bi s\u0103 circule prudent \u0219i s\u0103 respecte indica\u021biile poli\u021bi\u0219tilor rutieri prezen\u021bi la fa\u021ba locului.<\/p>\n","protected":false},"excerpt":{"rendered":"<p>Centrul Infotrafic din Inspectoratul General al Poli\u0163iei Rom\u00e2ne informeaz\u0103 c\u0103,\u00a0in aceasta dimineata\u00a0\u00een jude\u0163ul V\u00e2lcea, traficul rutier se desf\u0103\u015foar\u0103 \u00eengreunat (pe<\/p>\n","protected":false},"author":1,"featured_media":3122,"comment_status":"open","ping_status":"open","sticky":false,"template":"","format":"standard","meta":{"spay_email":"","footnotes":"","jetpack_publicize_message":""},"categories":[1],"tags":[],"class_list":["post-3243","post","type-post","status-publish","format-standard","has-post-thumbnail","hentry","category-uncategorized"],"jetpack_featured_media_url":"https:\/\/i0.wp.com\/realitatearutiera.ro\/wp-content\/uploads\/2015\/07\/s560x316_accident-1.jpg?fit=561%2C316&ssl=1","jetpack_publicize_connections":[],"jetpack_sharing_enabled":true,"jetpack_shortlink":"https:\/\/wp.me\/p61naM-Qj","jetpack-related-posts":[],"_links":{"self":[{"href":"https:\/\/realitatearutiera.ro\/index.php?rest_route=\/wp\/v2\/posts\/3243","targetHints":{"allow":["GET"]}}],"collection":[{"href":"https:\/\/realitatearutiera.ro\/index.php?rest_route=\/wp\/v2\/posts"}],"about":[{"href":"https:\/\/realitatearutiera.ro\/index.php?rest_route=\/wp\/v2\/types\/post"}],"author":[{"embeddable":true,"href":"https:\/\/realitatearutiera.ro\/index.php?rest_route=\/wp\/v2\/users\/1"}],"replies":[{"embeddable":true,"href":"https:\/\/realitatearutiera.ro\/index.php?rest_route=%2Fwp%2Fv2%2Fcomments&post=3243"}],"version-history":[{"count":1,"href":"https:\/\/realitatearutiera.ro\/index.php?rest_route=\/wp\/v2\/posts\/3243\/revisions"}],"predecessor-version":[{"id":3244,"href":"https:\/\/realitatearutiera.ro\/index.php?rest_route=\/wp\/v2\/posts\/3243\/revisions\/3244"}],"wp:featuredmedia":[{"embeddable":true,"href":"https:\/\/realitatearutiera.ro\/index.php?rest_route=\/wp\/v2\/media\/3122"}],"wp:attachment":[{"href":"https:\/\/realitatearutiera.ro\/index.php?rest_route=%2Fwp%2Fv2%2Fmedia&parent=3243"}],"wp:term":[{"taxonomy":"category","embeddable":true,"href":"https:\/\/realitatearutiera.ro\/index.php?rest_route=%2Fwp%2Fv2%2Fcategories&post=3243"},{"taxonomy":"post_tag","embeddable":true,"href":"https:\/\/realitatearutiera.ro\/index.php?rest_route=%2Fwp%2Fv2%2Ftags&post=3243"}],"curies":[{"name":"wp","href":"https:\/\/api.w.org\/{rel}","templated":true}]}}