{"id":32514,"date":"2018-02-15T07:56:15","date_gmt":"2018-02-15T05:56:15","guid":{"rendered":"http:\/\/realitatearutiera.ro\/?p=32514"},"modified":"2018-02-15T07:56:15","modified_gmt":"2018-02-15T05:56:15","slug":"viteza-si-carosabilul-umed-fac-victime","status":"publish","type":"post","link":"https:\/\/realitatearutiera.ro\/?p=32514","title":{"rendered":"Viteza \u015fi carosabilul umed fac victime"},"content":{"rendered":"<p>Grav accident \u00een jude\u021bul Gala\u021bi. \u015ease oameni au fost r\u0103ni\u021bi, dup\u0103 ce un tir a lovit un autobuz de transport public plin cu pasageri, la ie\u015fire din municipiu.<\/p>\n<p>\u0218oferul autotrenului nu a adaptat viteza la carosabilul umed, a intrat pe contrasens \u015fi a lovit \u00een plin autobuzul. Tirul \u015fi autobuzul s-au ciocnit pe o por\u0163iune de drum \u00een curb\u0103 \u015fi cu vizibilitate redus\u0103.<\/p>\n<p>Trei dintre victime se afl\u0103 \u00een stare mai grav\u0103, printre ele se num\u0103r\u0103 \u0219i \u0219oferul autobuzului care a r\u0103mas \u00eencarcerat. Pompierii l-au scos din resturile vehiculului \u0219i l-au transportat la\u00a0Spitalul Jude\u0163ean de Urgen\u0163\u0103 Gala\u0163i.<\/p>\n<p>Sursa:realitatea.net<\/p>\n","protected":false},"excerpt":{"rendered":"<p>Grav accident \u00een jude\u021bul Gala\u021bi. \u015ease oameni au fost r\u0103ni\u021bi, dup\u0103 ce un tir a lovit un autobuz de transport<\/p>\n","protected":false},"author":1,"featured_media":32515,"comment_status":"closed","ping_status":"closed","sticky":false,"template":"","format":"standard","meta":{"spay_email":"","footnotes":"","jetpack_publicize_message":""},"categories":[1],"tags":[],"class_list":["post-32514","post","type-post","status-publish","format-standard","has-post-thumbnail","hentry","category-uncategorized"],"jetpack_featured_media_url":"https:\/\/i2.wp.com\/realitatearutiera.ro\/wp-content\/uploads\/2018\/02\/galati1_15984700.jpg?fit=728%2C409&ssl=1","jetpack_publicize_connections":[],"jetpack_sharing_enabled":true,"jetpack_shortlink":"https:\/\/wp.me\/p61naM-8sq","jetpack-related-posts":[],"_links":{"self":[{"href":"https:\/\/realitatearutiera.ro\/index.php?rest_route=\/wp\/v2\/posts\/32514","targetHints":{"allow":["GET"]}}],"collection":[{"href":"https:\/\/realitatearutiera.ro\/index.php?rest_route=\/wp\/v2\/posts"}],"about":[{"href":"https:\/\/realitatearutiera.ro\/index.php?rest_route=\/wp\/v2\/types\/post"}],"author":[{"embeddable":true,"href":"https:\/\/realitatearutiera.ro\/index.php?rest_route=\/wp\/v2\/users\/1"}],"replies":[{"embeddable":true,"href":"https:\/\/realitatearutiera.ro\/index.php?rest_route=%2Fwp%2Fv2%2Fcomments&post=32514"}],"version-history":[{"count":1,"href":"https:\/\/realitatearutiera.ro\/index.php?rest_route=\/wp\/v2\/posts\/32514\/revisions"}],"predecessor-version":[{"id":32516,"href":"https:\/\/realitatearutiera.ro\/index.php?rest_route=\/wp\/v2\/posts\/32514\/revisions\/32516"}],"wp:featuredmedia":[{"embeddable":true,"href":"https:\/\/realitatearutiera.ro\/index.php?rest_route=\/wp\/v2\/media\/32515"}],"wp:attachment":[{"href":"https:\/\/realitatearutiera.ro\/index.php?rest_route=%2Fwp%2Fv2%2Fmedia&parent=32514"}],"wp:term":[{"taxonomy":"category","embeddable":true,"href":"https:\/\/realitatearutiera.ro\/index.php?rest_route=%2Fwp%2Fv2%2Fcategories&post=32514"},{"taxonomy":"post_tag","embeddable":true,"href":"https:\/\/realitatearutiera.ro\/index.php?rest_route=%2Fwp%2Fv2%2Ftags&post=32514"}],"curies":[{"name":"wp","href":"https:\/\/api.w.org\/{rel}","templated":true}]}}