{"id":34063,"date":"2018-03-23T08:06:08","date_gmt":"2018-03-23T06:06:08","guid":{"rendered":"http:\/\/realitatearutiera.ro\/?p=34063"},"modified":"2018-03-23T08:06:08","modified_gmt":"2018-03-23T06:06:08","slug":"segmente-de-drumuri-nationale-inchise-de-azi-pentru-raliul-brasovului","status":"publish","type":"post","link":"https:\/\/realitatearutiera.ro\/?p=34063","title":{"rendered":"Segmente de drumuri na\u0163ionale \u00eenchise de azi, pentru Raliul Bra\u015fovului"},"content":{"rendered":"<p class=\"chapeau\">Mai multe segmente de drumuri na\u0163ionale sunt \u00eenchise traficului rutier, de vineri p\u00e2n\u0103 duminic\u0103, \u00een anumite intervale orare, pe timpul desf\u0103\u015fur\u0103rii Raliului Bra\u015fovului, manifestare sportiv\u0103 ajuns\u0103 la cea de-a 47-a edi\u0163ie, transmite corespondentul MEDIAFAX.<\/p>\n<div class=\"ArticleImageContainer\"><a title=\"Galerie foto Segmente de drumuri na\u0163ionale \u00eenchise de azi, pentru Raliul Bra\u015fovului\" href=\"http:\/\/www.mediafax.ro\/social\/segmente-de-drumuri-nationale-inchise-de-azi-pentru-raliul-brasovului-17076575\/foto\"><img loading=\"lazy\" decoding=\"async\" id=\"main_picture\" class=\"\" src=\"https:\/\/i2.wp.com\/storage0.dms.mpinteractiv.ro\/media\/1\/1\/1688\/17076575\/1\/raliul-brasovului-zoltan-racz.jpg?resize=369%2C277\" alt=\"\" width=\"369\" height=\"277\" data-recalc-dims=\"1\" \/><\/a><\/p>\n<p class=\"articlePhotoCaption\">Segmente de drumuri na\u0163ionale \u00eenchise de azi, pentru Raliul Bra\u015fovului<\/p>\n<\/div>\n<div id=\"article_text_content\">\n<p>Vineri, 23 martie, sunt \u00eenchise urm\u0103toarele drumuri na\u0163ionale: DN 1E, km. 21+000 &#8211; km. 17+000, R\u00e2\u015fnov (Motel Acapulco) &#8211; Cabana Aviatorilor, \u00eentre orele 12.30 &#8211; 18.30, s\u00e2mb\u0103t\u0103 \u00een intervalul orar 12.00 &#8211; 17.00 DN 73A, km. 6+400 &#8211; km. 12+500, R\u00e2\u015fnov &#8211; Predeal (P\u00e2r\u00e2ul Rece), iar duminic\u0103 \u00eentre orele 11.30 &#8211; 15.00 DN 1E km. 17+000 &#8211; 21+000, Poiana Bra\u015fov &#8211; R\u00e2\u015fnov (Motel Acapulco), \u00een intervalul orar 12.00 &#8211; 15.30 DN 73A km. 6+400 &#8211; 12+500, R\u00e2\u015fnov &#8211; Predeal (P\u00e2r\u00e2ul Rece) \u015fi \u00eentre orele 6.15 &#8211; 12.30 DN 1A km. 160+600 &#8211; 164+000, S\u0103cele (Br\u0103det) &#8211; limit\u0103 jude\u0163ul Bra\u015fov<\/p>\n<div class=\"teads-inread\">\n<div id=\"teads0\" class=\"teads-player\"><\/div>\n<div id=\"moatPxCont573338\">\u00a0\u00cenchiderea circula\u0163iei pe sectoarele de drum se impune pentru desf\u0103\u015furarea celei de a-47-a edi\u0163ii a Raliului Bra\u015fovului.<\/div>\n<\/div>\n<p>Compania Na\u0163ional\u0103 de Administrare a Infrastructurii Rutiere atrage aten\u0163ia c\u0103 \u015foferii au obliga\u0163ia s\u0103 respecte restric\u0163iile instituite \u015fi semnalizarea rutier\u0103 temporar\u0103, precum \u015fi indica\u0163iile pilo\u0163ilor de trafic afla\u0163i la locul desf\u0103\u015fur\u0103rii evenimentului.<\/p>\n<p>Sursa:mediafax.ro<\/p>\n<\/div>\n","protected":false},"excerpt":{"rendered":"<p>Mai multe segmente de drumuri na\u0163ionale sunt \u00eenchise traficului rutier, de vineri p\u00e2n\u0103 duminic\u0103, \u00een anumite intervale orare, pe timpul<\/p>\n","protected":false},"author":1,"featured_media":34064,"comment_status":"closed","ping_status":"closed","sticky":false,"template":"","format":"standard","meta":{"spay_email":"","footnotes":"","jetpack_publicize_message":""},"categories":[54],"tags":[],"class_list":["post-34063","post","type-post","status-publish","format-standard","has-post-thumbnail","hentry","category-informatii-rutiere"],"jetpack_featured_media_url":"https:\/\/i2.wp.com\/realitatearutiera.ro\/wp-content\/uploads\/2018\/03\/raliul-brasovului-zoltan-racz.jpg?fit=604%2C454&ssl=1","jetpack_publicize_connections":[],"jetpack_sharing_enabled":true,"jetpack_shortlink":"https:\/\/wp.me\/p61naM-8Rp","jetpack-related-posts":[],"_links":{"self":[{"href":"https:\/\/realitatearutiera.ro\/index.php?rest_route=\/wp\/v2\/posts\/34063","targetHints":{"allow":["GET"]}}],"collection":[{"href":"https:\/\/realitatearutiera.ro\/index.php?rest_route=\/wp\/v2\/posts"}],"about":[{"href":"https:\/\/realitatearutiera.ro\/index.php?rest_route=\/wp\/v2\/types\/post"}],"author":[{"embeddable":true,"href":"https:\/\/realitatearutiera.ro\/index.php?rest_route=\/wp\/v2\/users\/1"}],"replies":[{"embeddable":true,"href":"https:\/\/realitatearutiera.ro\/index.php?rest_route=%2Fwp%2Fv2%2Fcomments&post=34063"}],"version-history":[{"count":1,"href":"https:\/\/realitatearutiera.ro\/index.php?rest_route=\/wp\/v2\/posts\/34063\/revisions"}],"predecessor-version":[{"id":34065,"href":"https:\/\/realitatearutiera.ro\/index.php?rest_route=\/wp\/v2\/posts\/34063\/revisions\/34065"}],"wp:featuredmedia":[{"embeddable":true,"href":"https:\/\/realitatearutiera.ro\/index.php?rest_route=\/wp\/v2\/media\/34064"}],"wp:attachment":[{"href":"https:\/\/realitatearutiera.ro\/index.php?rest_route=%2Fwp%2Fv2%2Fmedia&parent=34063"}],"wp:term":[{"taxonomy":"category","embeddable":true,"href":"https:\/\/realitatearutiera.ro\/index.php?rest_route=%2Fwp%2Fv2%2Fcategories&post=34063"},{"taxonomy":"post_tag","embeddable":true,"href":"https:\/\/realitatearutiera.ro\/index.php?rest_route=%2Fwp%2Fv2%2Ftags&post=34063"}],"curies":[{"name":"wp","href":"https:\/\/api.w.org\/{rel}","templated":true}]}}