{"id":34066,"date":"2018-03-23T08:35:35","date_gmt":"2018-03-23T06:35:35","guid":{"rendered":"http:\/\/realitatearutiera.ro\/?p=34066"},"modified":"2018-03-23T08:12:57","modified_gmt":"2018-03-23T06:12:57","slug":"ziua-mondiala-a-meteorologiei-world-meteorological-day","status":"publish","type":"post","link":"https:\/\/realitatearutiera.ro\/?p=34066","title":{"rendered":"Ziua mondial\u0103 a meteorologiei (&#8220;World Meteorological Day&#8221;)"},"content":{"rendered":"<p>Ziua mondial\u0103 a meteorologiei (&#8220;World Meteorological Day&#8221;) este marcat\u0103, anual, la 23 martie, \u00eenc\u0103 din 1961, \u015fi reprezint\u0103 intrarea \u00een vigoare, la 23 martie 1950, a Conven\u0163iei ONU care a transformat vechea Organiza\u0163ie Meteorologic\u0103 Interna\u0163ional\u0103 \u00eentr-o organiza\u0163ie interguvernamental\u0103, cunoscut\u0103 sub numele de Organiza\u0163ia Meteorologic\u0103 Mondial\u0103 (&#8220;World Meteorological Organization &#8211; WMO).<\/p>\n<p>A ajuns o tradi\u0163ie ca \u00een fiecare an, de Ziua mondial\u0103 a meteorologiei, Organiza\u0163ia Meteorologic\u0103 Mondial\u0103 s\u0103 propun\u0103 spre dezbatere o tem\u0103 de interes universal, pentru toate cele 191 de \u0163\u0103ri \u015fi teritorii membre.<\/p>\n<p>Potrivit\u00a0<a href=\"https:\/\/public.wmo.int\/en\" target=\"_blank\" rel=\"noopener noreferrer\">https:\/\/public.wmo.int<\/a>, Ziua mondial\u0103 a meteorologiei se desf\u0103\u015foar\u0103, \u00een 2018, sub sloganul:\u00a0<strong>&#8220;Weather-ready, climate-smart&#8221; (Vremea-gata, climat-inteligent&#8221;)<\/strong>.<\/p>\n<p>Site-ul Organiza\u0163iei Meteorologice Mondiale arat\u0103 c\u0103 popula\u0163ia lumii, \u00een continu\u0103 cre\u015ftere, se confrunt\u0103 cu o gam\u0103 larg\u0103 de pericole, cum ar fi v\u00e2nturile, furtunile tropicale, ploile abundente, valurile de c\u0103ldur\u0103, seceta \u015fi multe altele asemenea. Schimb\u0103rile climatice pe termen lung intensific\u0103 intensitatea \u015fi frecven\u0163a fenomenelor climatice extreme \u015fi determin\u0103 cre\u015fterea nivelului m\u0103rii \u015fi acidifierea oceanelor. Urbanizarea \u015fi r\u0103sp\u00e2ndirea marilor ora\u015fe \u00eenseamn\u0103 c\u0103 tot mai multe persoane sunt expuse \u015fi vulnerabile. &#8220;Acum, mai mult ca niciodat\u0103, trebuie s\u0103 fim preg\u0103ti\u0163i pentru vreme, inteligen\u0163i din punct de vedere al climatului \u015fi din punct de vedere al apei&#8221;, men\u0163ioneaz\u0103 sursa citat\u0103.<\/p>\n<p>Acesta este motivul pentru care printre priorit\u0103\u0163ile principale ale Organiza\u0163iei Meteorologice Mondiale \u015fi ale Serviciilor Na\u0163ionale de Meteorologie \u015fi Hidrologie este de a proteja vie\u0163ile, mijloacele de subzisten\u0163\u0103 \u015fi proprietatea de riscurile legate de fenomenele meteorologice, climatice \u015fi apa. Astfel, WMO \u015fi membrii s\u0103i sprijin\u0103 agenda global\u0103 privind dezvoltarea durabil\u0103, adaptarea la schimb\u0103rile climatice \u015fi reducerea riscului de dezastru.<\/p>\n<p>Pornind de la tema zilei sunt organizate evenimente, precum conferin\u0163e, simpozioane \u015fi expozi\u0163ii pentru speciali\u015ftii \u00een domeniu, liderii comunit\u0103\u0163ii \u015fi publicul larg. De asemenea, cu acest prilej sunt acordate numeroase premii pentru cercetare meteorologic\u0103. \u00cen multe \u0163\u0103ri, sunt emise timbre po\u015ftale speciale pentru a marca s\u0103rb\u0103torirea Zilei mondiale a meteorologiei.<\/p>\n<p>De-a lungul anilor, au fost dezb\u0103tute teme precum: rela\u0163ia dintre meteorologie \u015fi agricultur\u0103 (1968), rela\u0163ia dintre meteorologie \u015fi produc\u0163ia alimentar\u0103 (1976, 1984), rela\u0163ia dintre meteorologie \u015fi produc\u0163ia de energie (1979), meteorologia \u00een slujba vie\u0163ii \u015fi a protec\u0163iei bunurilor (2002), reducerea vulnerabilit\u0103\u0163ii la extremele de vreme \u015fi clim\u0103 (2003), vremea, clima \u015fi apa \u00een era informa\u0163iei (2004), vremea, clima, apa \u015fi dezvoltarea durabil\u0103 (2005), vremea \u015fi clima: angajarea tineretului (2014), etc.<\/p>\n<p>Organiza\u0163ia Meteorologic\u0103 Mondial\u0103 este un organism specializat al Organiza\u0163iei Na\u0163iunilor Unite. WMO ofer\u0103 cadrul unei cooper\u0103ri interna\u0163ionale \u00een privin\u0163a dezvolt\u0103rii serviciilor de meteorologie \u015fi hidrologie. WMO a fost \u00eenfiin\u0163at\u0103 \u00een 1950 \u015fi a devenit agen\u0163ie specializat\u0103 pentru meteorologie (vreme \u015fi clim\u0103), hidrologie opera\u0163ional\u0103 \u015fi \u015ftiin\u0163e geofizice conexe a Na\u0163iunilor Unite \u00een 1951, av\u00e2nd la baz\u0103 Organiza\u0163ia Interna\u0163ional\u0103 a Meteorologiei (OMI), fondat\u0103 \u00een 1873. Rom\u00e2nia este membru al Organiza\u0163iei Meteorologice Mondiale din 1884. Rom\u00e2nia a participat la primul Congres al OMM, din 1951.<\/p>\n<p>Sursa:agerpres.ro<\/p>\n","protected":false},"excerpt":{"rendered":"<p>Ziua mondial\u0103 a meteorologiei (&#8220;World Meteorological Day&#8221;) este marcat\u0103, anual, la 23 martie, \u00eenc\u0103 din 1961, \u015fi reprezint\u0103 intrarea \u00een<\/p>\n","protected":false},"author":1,"featured_media":34067,"comment_status":"closed","ping_status":"closed","sticky":false,"template":"","format":"standard","meta":{"spay_email":"","footnotes":"","jetpack_publicize_message":""},"categories":[6],"tags":[],"class_list":["post-34066","post","type-post","status-publish","format-standard","has-post-thumbnail","hentry","category-social"],"jetpack_featured_media_url":"https:\/\/i2.wp.com\/realitatearutiera.ro\/wp-content\/uploads\/2018\/03\/ziua-mondiala-a-meteorologiei.jpg?fit=960%2C720&ssl=1","jetpack_publicize_connections":[],"jetpack_sharing_enabled":true,"jetpack_shortlink":"https:\/\/wp.me\/p61naM-8Rs","jetpack-related-posts":[],"_links":{"self":[{"href":"https:\/\/realitatearutiera.ro\/index.php?rest_route=\/wp\/v2\/posts\/34066","targetHints":{"allow":["GET"]}}],"collection":[{"href":"https:\/\/realitatearutiera.ro\/index.php?rest_route=\/wp\/v2\/posts"}],"about":[{"href":"https:\/\/realitatearutiera.ro\/index.php?rest_route=\/wp\/v2\/types\/post"}],"author":[{"embeddable":true,"href":"https:\/\/realitatearutiera.ro\/index.php?rest_route=\/wp\/v2\/users\/1"}],"replies":[{"embeddable":true,"href":"https:\/\/realitatearutiera.ro\/index.php?rest_route=%2Fwp%2Fv2%2Fcomments&post=34066"}],"version-history":[{"count":1,"href":"https:\/\/realitatearutiera.ro\/index.php?rest_route=\/wp\/v2\/posts\/34066\/revisions"}],"predecessor-version":[{"id":34068,"href":"https:\/\/realitatearutiera.ro\/index.php?rest_route=\/wp\/v2\/posts\/34066\/revisions\/34068"}],"wp:featuredmedia":[{"embeddable":true,"href":"https:\/\/realitatearutiera.ro\/index.php?rest_route=\/wp\/v2\/media\/34067"}],"wp:attachment":[{"href":"https:\/\/realitatearutiera.ro\/index.php?rest_route=%2Fwp%2Fv2%2Fmedia&parent=34066"}],"wp:term":[{"taxonomy":"category","embeddable":true,"href":"https:\/\/realitatearutiera.ro\/index.php?rest_route=%2Fwp%2Fv2%2Fcategories&post=34066"},{"taxonomy":"post_tag","embeddable":true,"href":"https:\/\/realitatearutiera.ro\/index.php?rest_route=%2Fwp%2Fv2%2Ftags&post=34066"}],"curies":[{"name":"wp","href":"https:\/\/api.w.org\/{rel}","templated":true}]}}