{"id":34394,"date":"2018-04-02T07:53:44","date_gmt":"2018-04-02T04:53:44","guid":{"rendered":"http:\/\/realitatearutiera.ro\/?p=34394"},"modified":"2018-04-02T07:53:44","modified_gmt":"2018-04-02T04:53:44","slug":"accident-pe-aeroportul-din-budapesta-mai-multi-romani-au-fost-raniti-in-urma-ciocnirii-a-doua-autobuze","status":"publish","type":"post","link":"https:\/\/realitatearutiera.ro\/?p=34394","title":{"rendered":"Accident pe aeroportul din Budapesta. Mai mul\u021bi rom\u00e2ni au fost r\u0103ni\u021bi \u00een urma ciocnirii a dou\u0103 autobuze"},"content":{"rendered":"<div class=\"lead-articol\">\n<p>Accident grav pe aeroportul interna\u021bional Liszt Ferenc din Budapesta, unde dou\u0103 autobuze care transportau pasageri\u00a0 s-au ciocnit.<\/p>\n<\/div>\n<p>Accidentul s-a soldat cu zece r\u0103ni\u0163i, \u00eentre care\u00a0<strong>opt rom\u00e2ni<\/strong>, relateaz\u0103\u00a0<a href=\"https:\/\/www.hirado.hu\/belfold\/cikk\/2018\/04\/01\/ket-busz-utkozott-ossze-a-liszt-ferenc-repuloternel-tiz-ember-megserult\" target=\"_blank\" rel=\"noopener noreferrer\">www.hirado.hu<\/a>.<\/p>\n<p>Pasagerii tocmai aterizaser\u0103 pe aeroport \u015fi veneau de la Bucure\u015fti.<\/p>\n<p>Cei zece r\u0103ni\u021bi au fost transporta\u021bi de urgen\u021b\u0103 la dou\u0103 spitale din Budapesta \u0219i prezint\u0103 v\u00e2n\u0103t\u0103i, iar mul\u021bi dintre ei au suferit fracturi osoase.<\/p>\n<p>Dou\u0103 persoane au suferit r\u0103ni grave, iar celelalte 8 au suferit leziuni u\u0219oare.<\/p>\n<p>Accidentul s-a produs duminic\u0103 diminea\u0163\u0103, la terminalul 2B, c\u00e2nd dou\u0103 autobuze s-au ciocnit, iar unul transporta rom\u00e2ni de la cursa Wizzair de la Bucure\u015fti.<\/p>\n<p>\u201d<em>Ambasada Rom\u00e2niei la Budapesta are \u00een aten\u0163ie accidentul produs pe aeroportul interna\u021bional Ferenc Liszt din Budapesta, \u00een care au fost implicate dou\u0103 microbuze care transportau pasageri, printre care \u0219i cet\u0103\u021beni rom\u00e2ni.<\/em><\/p>\n<p>sursa: stirileprotv.ro<\/p>\n","protected":false},"excerpt":{"rendered":"<p>Accident grav pe aeroportul interna\u021bional Liszt Ferenc din Budapesta, unde dou\u0103 autobuze care transportau pasageri\u00a0 s-au ciocnit. Accidentul s-a soldat<\/p>\n","protected":false},"author":1,"featured_media":29478,"comment_status":"closed","ping_status":"closed","sticky":false,"template":"","format":"standard","meta":{"spay_email":"","footnotes":"","jetpack_publicize_message":""},"categories":[11],"tags":[],"class_list":["post-34394","post","type-post","status-publish","format-standard","has-post-thumbnail","hentry","category-stiri-interne"],"jetpack_featured_media_url":"https:\/\/i2.wp.com\/realitatearutiera.ro\/wp-content\/uploads\/2017\/11\/avion.jpg?fit=692%2C520&ssl=1","jetpack_publicize_connections":[],"jetpack_sharing_enabled":true,"jetpack_shortlink":"https:\/\/wp.me\/p61naM-8WK","jetpack-related-posts":[],"_links":{"self":[{"href":"https:\/\/realitatearutiera.ro\/index.php?rest_route=\/wp\/v2\/posts\/34394","targetHints":{"allow":["GET"]}}],"collection":[{"href":"https:\/\/realitatearutiera.ro\/index.php?rest_route=\/wp\/v2\/posts"}],"about":[{"href":"https:\/\/realitatearutiera.ro\/index.php?rest_route=\/wp\/v2\/types\/post"}],"author":[{"embeddable":true,"href":"https:\/\/realitatearutiera.ro\/index.php?rest_route=\/wp\/v2\/users\/1"}],"replies":[{"embeddable":true,"href":"https:\/\/realitatearutiera.ro\/index.php?rest_route=%2Fwp%2Fv2%2Fcomments&post=34394"}],"version-history":[{"count":1,"href":"https:\/\/realitatearutiera.ro\/index.php?rest_route=\/wp\/v2\/posts\/34394\/revisions"}],"predecessor-version":[{"id":34395,"href":"https:\/\/realitatearutiera.ro\/index.php?rest_route=\/wp\/v2\/posts\/34394\/revisions\/34395"}],"wp:featuredmedia":[{"embeddable":true,"href":"https:\/\/realitatearutiera.ro\/index.php?rest_route=\/wp\/v2\/media\/29478"}],"wp:attachment":[{"href":"https:\/\/realitatearutiera.ro\/index.php?rest_route=%2Fwp%2Fv2%2Fmedia&parent=34394"}],"wp:term":[{"taxonomy":"category","embeddable":true,"href":"https:\/\/realitatearutiera.ro\/index.php?rest_route=%2Fwp%2Fv2%2Fcategories&post=34394"},{"taxonomy":"post_tag","embeddable":true,"href":"https:\/\/realitatearutiera.ro\/index.php?rest_route=%2Fwp%2Fv2%2Ftags&post=34394"}],"curies":[{"name":"wp","href":"https:\/\/api.w.org\/{rel}","templated":true}]}}