{"id":34466,"date":"2018-04-03T07:58:26","date_gmt":"2018-04-03T04:58:26","guid":{"rendered":"http:\/\/realitatearutiera.ro\/?p=34466"},"modified":"2018-04-03T07:58:26","modified_gmt":"2018-04-03T04:58:26","slug":"anunt-infotrafic-drumurile-nationale-isi-pastreaza-restrictiile-de-circulatie","status":"publish","type":"post","link":"https:\/\/realitatearutiera.ro\/?p=34466","title":{"rendered":"Anun\u021b Infotrafic. Drumurile Na\u021bionale \u00ee\u0219i p\u0103streaz\u0103 RESTRIC\u021aIILE DE CIRCULA\u021aIE"},"content":{"rendered":"<p><strong>Centrul Infotrafic a anun\u021bat c\u0103 din cauza inunda\u021bilor recente \u0219i a alunec\u0103rilor de teren, mai multe drumuri na\u021bionale \u00ee\u0219i vor p\u0103stra restric\u021biile de circula\u021bie.<\/strong><\/p>\n<p>Din cauza inunda\u0163iilor din ultima perioad\u0103, care au determinat alunecari de teren, afect\u00e2nd partea carosabil\u0103, se men\u0163in urm\u0103toarele restric\u0163ii de circula\u0163ie pe\u00a0<u>drumurile na\u0163ionale<\/u>:<\/p>\n<p>&#8211; DN10 Buz\u0103u \u2013 Bra\u015fov, jude\u0163ul Buz\u0103u, este restric\u0163ionat traficul autoturismelor cu masa maxim\u0103 autorizat\u0103 mai mare de 3,5 tone;<\/p>\n<p>&#8211; DN22 Sm\u00e2rdan &#8211; M\u0103cin, jude\u0163ul Tulcea, este restric\u0163ionat\u0103 circula\u0163ia autovehiculelor<\/p>\n<p>cu masa maxim\u0103 autorizat\u0103 mai mare de 7,5 tone;<\/p>\n<p>&#8211; DN76 Oradea &#8211; V\u00e2rfurile, jude\u0163ul Bihor, se circul\u0103 pe un singur fir, alternativ la kilometrul 86+400 de metri;<\/p>\n<p>&#8211; DN2N Dumitre\u015fti \u2013 Vintileasca, jude\u0163ul Vrancea, circula\u0163ia se desf\u0103\u015foar\u0103 pe un singur fir, alternativ, \u00een zona localit\u0103\u0163ii Jitia, la kilometrul 50+500 de metri.<\/p>\n<p>De asemenea, din cauza lucr\u0103rilor de repara\u0163ii executate la partea carosabil\u0103 p\u00e2n\u0103 la sf\u00e2r\u015fitul lunii mai 2018, \u00een jude\u0163ul V\u00e2lcea, pe DN7 (\u015foseaua de centur\u0103 a ora\u015fului C\u0103lim\u0103ne\u015fti, \u00eentre kilometrii 0 \u015fi 2), circula\u0163ia autovehiculelor este deviat\u0103 prin ora\u015ful C\u0103lim\u0103ne\u015fti.<\/p>\n<div id=\"ado300ap2\"><\/div>\n<p>\u00cen ceea ce prive\u015fte\u00a0<u>traficul feroviar<\/u>, men\u0163ion\u0103m c\u0103 \u00een jude\u0163ul D\u00e2mbovi\u0163a, circula\u0163ia feroviar\u0103 este oprit\u0103 pe ruta CF 904 Fieni &#8211; Pietro\u0219i\u021ba, din cauza alunec\u0103rii terasamentului de la kilometrul 65+150, iar \u00een jude\u0163ul Mehedin\u0163i, circula\u0163ia pe Magistrala 900, \u00eentre sta\u021biile Drobeta-Turnu Severin \u0219i Pruni\u015for, este \u00eentrerupt\u0103 din cauza lucr\u0103rilor de reabilitare a infrastructurii feroviare \u00een zona sta\u0163iei CF Balota.<\/p>\n<p>Preciz\u0103m c\u0103\u00a0<u>traficul aerian<\/u>\u00a0\u015fi\u00a0<u>naval<\/u>\u00a0se desf\u0103\u015foar\u0103 \u00een condi\u0163ii normale, f\u0103r\u0103 a fi \u00eenregistrate probleme de circula\u0163ie.<\/p>\n<p>Sursa:evz.ro<\/p>\n","protected":false},"excerpt":{"rendered":"<p>Centrul Infotrafic a anun\u021bat c\u0103 din cauza inunda\u021bilor recente \u0219i a alunec\u0103rilor de teren, mai multe drumuri na\u021bionale \u00ee\u0219i vor<\/p>\n","protected":false},"author":1,"featured_media":27311,"comment_status":"closed","ping_status":"closed","sticky":false,"template":"","format":"standard","meta":{"spay_email":"","footnotes":"","jetpack_publicize_message":""},"categories":[54],"tags":[],"class_list":["post-34466","post","type-post","status-publish","format-standard","has-post-thumbnail","hentry","category-informatii-rutiere"],"jetpack_featured_media_url":"https:\/\/i2.wp.com\/realitatearutiera.ro\/wp-content\/uploads\/2017\/09\/infotrafic.jpg?fit=630%2C365&ssl=1","jetpack_publicize_connections":[],"jetpack_sharing_enabled":true,"jetpack_shortlink":"https:\/\/wp.me\/p61naM-8XU","jetpack-related-posts":[],"_links":{"self":[{"href":"https:\/\/realitatearutiera.ro\/index.php?rest_route=\/wp\/v2\/posts\/34466","targetHints":{"allow":["GET"]}}],"collection":[{"href":"https:\/\/realitatearutiera.ro\/index.php?rest_route=\/wp\/v2\/posts"}],"about":[{"href":"https:\/\/realitatearutiera.ro\/index.php?rest_route=\/wp\/v2\/types\/post"}],"author":[{"embeddable":true,"href":"https:\/\/realitatearutiera.ro\/index.php?rest_route=\/wp\/v2\/users\/1"}],"replies":[{"embeddable":true,"href":"https:\/\/realitatearutiera.ro\/index.php?rest_route=%2Fwp%2Fv2%2Fcomments&post=34466"}],"version-history":[{"count":1,"href":"https:\/\/realitatearutiera.ro\/index.php?rest_route=\/wp\/v2\/posts\/34466\/revisions"}],"predecessor-version":[{"id":34467,"href":"https:\/\/realitatearutiera.ro\/index.php?rest_route=\/wp\/v2\/posts\/34466\/revisions\/34467"}],"wp:featuredmedia":[{"embeddable":true,"href":"https:\/\/realitatearutiera.ro\/index.php?rest_route=\/wp\/v2\/media\/27311"}],"wp:attachment":[{"href":"https:\/\/realitatearutiera.ro\/index.php?rest_route=%2Fwp%2Fv2%2Fmedia&parent=34466"}],"wp:term":[{"taxonomy":"category","embeddable":true,"href":"https:\/\/realitatearutiera.ro\/index.php?rest_route=%2Fwp%2Fv2%2Fcategories&post=34466"},{"taxonomy":"post_tag","embeddable":true,"href":"https:\/\/realitatearutiera.ro\/index.php?rest_route=%2Fwp%2Fv2%2Ftags&post=34466"}],"curies":[{"name":"wp","href":"https:\/\/api.w.org\/{rel}","templated":true}]}}