{"id":34614,"date":"2018-04-05T12:30:19","date_gmt":"2018-04-05T09:30:19","guid":{"rendered":"http:\/\/realitatearutiera.ro\/?p=34614"},"modified":"2018-04-05T11:32:57","modified_gmt":"2018-04-05T08:32:57","slug":"tragedie-la-iasi-un-taximetrist-a-murit-la-volan","status":"publish","type":"post","link":"https:\/\/realitatearutiera.ro\/?p=34614","title":{"rendered":"TRAGEDIE LA IA\u0218I! Un taximetrist a murit la volan"},"content":{"rendered":"<p>Un taximetrist \u00een v\u00e2rst\u0103 de 43 de ani a murit, joi, dup\u0103 ce i s-a f\u0103cut r\u0103u la volan, \u00een zona Granit, a informat purt\u0103torul de cuv\u00e2nt al Inspectoratului de Poli\u0163ie Jude\u0163ean (IPJ) Ia\u015fi, Adina Lupu.<\/p>\n<p>Potrivit sursei citate, din primele informa\u0163ii se pare c\u0103 b\u0103rbatul a suferit o criz\u0103 comi\u0163ial\u0103 \u00een timp ce se afla la volanul ma\u015finii.<\/p>\n<p>Echipajul medical sosit la fa\u0163a locului a efectuat manevre de resuscitare, \u00eens\u0103 a fost declarat decesul taximetristului.<\/p>\n<p>&#8220;Taximetrul circula foarte \u00eencet, cu aproximativ doi kilometri pe or\u0103, s-a oprit \u00eentr-un gard viu. Se pare c\u0103 \u015foferul, un b\u0103rbat de 43 de ani, a suferit o criz\u0103 comi\u0163ial\u0103&#8221;, a afirmat Adina Lupu.<\/p>\n<p>sursa: antena3.ro<\/p>\n","protected":false},"excerpt":{"rendered":"<p>Un taximetrist \u00een v\u00e2rst\u0103 de 43 de ani a murit, joi, dup\u0103 ce i s-a f\u0103cut r\u0103u la volan, \u00een<\/p>\n","protected":false},"author":1,"featured_media":28254,"comment_status":"closed","ping_status":"closed","sticky":false,"template":"","format":"standard","meta":{"spay_email":"","footnotes":"","jetpack_publicize_message":""},"categories":[11],"tags":[],"class_list":["post-34614","post","type-post","status-publish","format-standard","has-post-thumbnail","hentry","category-stiri-interne"],"jetpack_featured_media_url":"https:\/\/i1.wp.com\/realitatearutiera.ro\/wp-content\/uploads\/2017\/10\/taxi.jpg?fit=646%2C404&ssl=1","jetpack_publicize_connections":[],"jetpack_sharing_enabled":true,"jetpack_shortlink":"https:\/\/wp.me\/p61naM-90i","jetpack-related-posts":[],"_links":{"self":[{"href":"https:\/\/realitatearutiera.ro\/index.php?rest_route=\/wp\/v2\/posts\/34614","targetHints":{"allow":["GET"]}}],"collection":[{"href":"https:\/\/realitatearutiera.ro\/index.php?rest_route=\/wp\/v2\/posts"}],"about":[{"href":"https:\/\/realitatearutiera.ro\/index.php?rest_route=\/wp\/v2\/types\/post"}],"author":[{"embeddable":true,"href":"https:\/\/realitatearutiera.ro\/index.php?rest_route=\/wp\/v2\/users\/1"}],"replies":[{"embeddable":true,"href":"https:\/\/realitatearutiera.ro\/index.php?rest_route=%2Fwp%2Fv2%2Fcomments&post=34614"}],"version-history":[{"count":1,"href":"https:\/\/realitatearutiera.ro\/index.php?rest_route=\/wp\/v2\/posts\/34614\/revisions"}],"predecessor-version":[{"id":34615,"href":"https:\/\/realitatearutiera.ro\/index.php?rest_route=\/wp\/v2\/posts\/34614\/revisions\/34615"}],"wp:featuredmedia":[{"embeddable":true,"href":"https:\/\/realitatearutiera.ro\/index.php?rest_route=\/wp\/v2\/media\/28254"}],"wp:attachment":[{"href":"https:\/\/realitatearutiera.ro\/index.php?rest_route=%2Fwp%2Fv2%2Fmedia&parent=34614"}],"wp:term":[{"taxonomy":"category","embeddable":true,"href":"https:\/\/realitatearutiera.ro\/index.php?rest_route=%2Fwp%2Fv2%2Fcategories&post=34614"},{"taxonomy":"post_tag","embeddable":true,"href":"https:\/\/realitatearutiera.ro\/index.php?rest_route=%2Fwp%2Fv2%2Ftags&post=34614"}],"curies":[{"name":"wp","href":"https:\/\/api.w.org\/{rel}","templated":true}]}}