{"id":34841,"date":"2018-04-12T14:09:01","date_gmt":"2018-04-12T11:09:01","guid":{"rendered":"http:\/\/realitatearutiera.ro\/?p=34841"},"modified":"2018-04-12T14:09:01","modified_gmt":"2018-04-12T11:09:01","slug":"inca-o-zi-libera-pentru-romani-2","status":"publish","type":"post","link":"https:\/\/realitatearutiera.ro\/?p=34841","title":{"rendered":"\u00cenc\u0103 o zi liber\u0103 pentru rom\u00e2ni!"},"content":{"rendered":"<p>Av\u00e2nd \u00een vedere c\u0103 1 Mai pic\u0103, anul acesta, \u00eentr-o zi de mar\u021bi, guvernul a declarat ziua de 30 aprilie zi liber\u0103 pentru angaja\u021bii din sectorul public.<\/p>\n<p><em>\u201cData de 30 aprilie va fi zi liber\u0103 pentru salaria\u0163ii din sectorul public, av\u00e2nd \u00een vedere c\u0103 mar\u0163i 1 mai este zi nelucr\u0103toare. Prevederile nu se aplic\u0103 \u00een locurile de munc\u0103 \u00een care activitatea nu poate fi \u00eentrerupt\u0103, iar pentru a recupera ziua de 30 aprilie, institu\u0163iile publice vor opta fie pentru desf\u0103\u015furarea activit\u0103\u0163ii \u00een regim normal- s\u00e2mb\u0103t\u0103 5 aprilie, fie pentru prelungirea timpului de lucru p\u00e2n\u0103 \u00een data de 11 mai, conform unei planific\u0103ri stabilite\u201d, a declarat premierul Viorcia D\u0103ncil\u0103 la \u00eenceputul \u0219edin\u021bei de guvern de joi.<\/em><\/p>\n<p>\u201cPentru ziua stabilit\u0103 ca zi liber\u0103 potrivit alin. (1), institu\u0163iile publice \u00ee\u015fi vor desf\u0103\u015fura activitatea \u00een regim de program normal \u00een ziua de 5 mai 2018 sau vor prelungi corespunz\u0103tor timpul de lucru, p\u00e2n\u0103 la data de 11 mai 2018, potrivit planific\u0103rilor stabilite\u201d, se arat\u0103 \u00een Hot\u0103r\u00e2rea de Guvern, conform\u00a0<a href=\"http:\/\/www.mediafax.ro\/social\/breaking-minivacanta-de-1-mai-guvernul-declara-30-aprilie-zi-libera-17127928\">Mediafax<\/a>.<\/p>\n<p>Sursa:unica<\/p>\n","protected":false},"excerpt":{"rendered":"<p>Av\u00e2nd \u00een vedere c\u0103 1 Mai pic\u0103, anul acesta, \u00eentr-o zi de mar\u021bi, guvernul a declarat ziua de 30 aprilie<\/p>\n","protected":false},"author":1,"featured_media":34842,"comment_status":"closed","ping_status":"closed","sticky":false,"template":"","format":"standard","meta":{"spay_email":"","footnotes":"","jetpack_publicize_message":""},"categories":[6],"tags":[],"class_list":["post-34841","post","type-post","status-publish","format-standard","has-post-thumbnail","hentry","category-social"],"jetpack_featured_media_url":"https:\/\/i1.wp.com\/realitatearutiera.ro\/wp-content\/uploads\/2018\/04\/zi-libera-300x180.jpg?fit=684%2C410&ssl=1","jetpack_publicize_connections":[],"jetpack_sharing_enabled":true,"jetpack_shortlink":"https:\/\/wp.me\/p61naM-93X","jetpack-related-posts":[],"_links":{"self":[{"href":"https:\/\/realitatearutiera.ro\/index.php?rest_route=\/wp\/v2\/posts\/34841","targetHints":{"allow":["GET"]}}],"collection":[{"href":"https:\/\/realitatearutiera.ro\/index.php?rest_route=\/wp\/v2\/posts"}],"about":[{"href":"https:\/\/realitatearutiera.ro\/index.php?rest_route=\/wp\/v2\/types\/post"}],"author":[{"embeddable":true,"href":"https:\/\/realitatearutiera.ro\/index.php?rest_route=\/wp\/v2\/users\/1"}],"replies":[{"embeddable":true,"href":"https:\/\/realitatearutiera.ro\/index.php?rest_route=%2Fwp%2Fv2%2Fcomments&post=34841"}],"version-history":[{"count":1,"href":"https:\/\/realitatearutiera.ro\/index.php?rest_route=\/wp\/v2\/posts\/34841\/revisions"}],"predecessor-version":[{"id":34843,"href":"https:\/\/realitatearutiera.ro\/index.php?rest_route=\/wp\/v2\/posts\/34841\/revisions\/34843"}],"wp:featuredmedia":[{"embeddable":true,"href":"https:\/\/realitatearutiera.ro\/index.php?rest_route=\/wp\/v2\/media\/34842"}],"wp:attachment":[{"href":"https:\/\/realitatearutiera.ro\/index.php?rest_route=%2Fwp%2Fv2%2Fmedia&parent=34841"}],"wp:term":[{"taxonomy":"category","embeddable":true,"href":"https:\/\/realitatearutiera.ro\/index.php?rest_route=%2Fwp%2Fv2%2Fcategories&post=34841"},{"taxonomy":"post_tag","embeddable":true,"href":"https:\/\/realitatearutiera.ro\/index.php?rest_route=%2Fwp%2Fv2%2Ftags&post=34841"}],"curies":[{"name":"wp","href":"https:\/\/api.w.org\/{rel}","templated":true}]}}