{"id":34941,"date":"2018-04-16T09:00:07","date_gmt":"2018-04-16T06:00:07","guid":{"rendered":"http:\/\/realitatearutiera.ro\/?p=34941"},"modified":"2018-04-16T09:00:07","modified_gmt":"2018-04-16T06:00:07","slug":"socant-tanar-impuscat-pentru-ca-facea-galagie-in-bloc","status":"publish","type":"post","link":"https:\/\/realitatearutiera.ro\/?p=34941","title":{"rendered":"\u0218OCANT T\u00e2n\u0103r \u00eempu\u0219cat pentru c\u0103 f\u0103cea g\u0103l\u0103gie \u00een bloc!"},"content":{"rendered":"<h3>Un t\u00e2n\u0103r de 20 ani a ajuns, \u00een aceast\u0103 seara, la spital, r\u0103nit cu un pistol de tip airsoft, dup\u0103 ce a f\u0103cut g\u0103l\u0103gie \u00een blocul din Cisn\u0103die, jude\u021bul Sibiu, iar \u00eentre el \u0219i un vecin a izbucnit un conflict spontan.<\/h3>\n<p>Elena Welter, purt\u0103torul de cuv\u00e2nt al Poli\u021biei Sibiu, a declarat, duminic\u0103 seara, c\u0103 \u00eente cei doi vecini, unul de 18 ani, cu domiciliul legal \u00een jude\u021bul Olt, \u0219i altul de 31 de ani a izbucnit un conflict spontan din cauza g\u0103l\u0103giei din bloc.<\/p>\n<blockquote><p>\u201e<strong>Am fost sesiza\u021bi \u00een leg\u0103tur\u0103 cu faptul c\u0103 \u00een localitatea Cisn\u0103die, pe fondul unui conflict spontan din cauza g\u0103l\u0103giei \u00eentr-un bloc, un localnic de 31 de ani l-a \u00eempu\u0219cat pe un t\u00e2n\u0103r de 18 ani, din Olt, cu un pistol tip airsoft provoc\u00e2ndu-i \u0219ase pl\u0103gi \u00een zona superioar\u0103 a corpului. Victima a fost transportat\u0103 la Spitalul din Sibiu \u00een stare con\u0219tient\u0103. \u00cen continuare se fac cercet\u0103ri \u00een vederea stabilirii circumstan\u021belor incidentului \u0219i \u00eencadr\u0103rii juridice a faptei\u201d,<\/strong>\u00a0a spus Welter.<\/p><\/blockquote>\n<p>La r\u00e2ndul s\u0103u, purt\u0103torul de cuv\u00e2nt al Ambulan\u021bei Sibiu, Liliana Blaga, a spus c\u0103 victima are mai multe r\u0103ni pe corp, dar este \u00een stare stabil\u0103.<\/p>\n<blockquote><p><strong>\u201ePacientul are \u0219ase pl\u0103gi prin \u00eempu\u0219care cu pistol cu bile. Are dou\u0103 pl\u0103gi \u00een axil\u0103 \u0219i urechea st\u00e2ng\u0103, dou\u0103 pl\u0103gi \u00een regiunea posterioar\u0103, \u0219i dou\u0103 \u00een bra\u021bul st\u00e2ng. Este con\u0219tient, stabil hemodinamic \u0219i respirator. A fost transportat la UPU Sibiu\u201d,<\/strong>\u00a0a spus Blaga.<\/p><\/blockquote>\n<p>sursa: reporterntv.ro<\/p>\n","protected":false},"excerpt":{"rendered":"<p>Un t\u00e2n\u0103r de 20 ani a ajuns, \u00een aceast\u0103 seara, la spital, r\u0103nit cu un pistol de tip airsoft, dup\u0103<\/p>\n","protected":false},"author":1,"featured_media":34942,"comment_status":"closed","ping_status":"closed","sticky":false,"template":"","format":"standard","meta":{"spay_email":"","footnotes":"","jetpack_publicize_message":""},"categories":[11],"tags":[],"class_list":["post-34941","post","type-post","status-publish","format-standard","has-post-thumbnail","hentry","category-stiri-interne"],"jetpack_featured_media_url":"https:\/\/i2.wp.com\/realitatearutiera.ro\/wp-content\/uploads\/2018\/04\/m9-pistol-008.jpg?fit=1200%2C800&ssl=1","jetpack_publicize_connections":[],"jetpack_sharing_enabled":true,"jetpack_shortlink":"https:\/\/wp.me\/p61naM-95z","jetpack-related-posts":[],"_links":{"self":[{"href":"https:\/\/realitatearutiera.ro\/index.php?rest_route=\/wp\/v2\/posts\/34941","targetHints":{"allow":["GET"]}}],"collection":[{"href":"https:\/\/realitatearutiera.ro\/index.php?rest_route=\/wp\/v2\/posts"}],"about":[{"href":"https:\/\/realitatearutiera.ro\/index.php?rest_route=\/wp\/v2\/types\/post"}],"author":[{"embeddable":true,"href":"https:\/\/realitatearutiera.ro\/index.php?rest_route=\/wp\/v2\/users\/1"}],"replies":[{"embeddable":true,"href":"https:\/\/realitatearutiera.ro\/index.php?rest_route=%2Fwp%2Fv2%2Fcomments&post=34941"}],"version-history":[{"count":1,"href":"https:\/\/realitatearutiera.ro\/index.php?rest_route=\/wp\/v2\/posts\/34941\/revisions"}],"predecessor-version":[{"id":34943,"href":"https:\/\/realitatearutiera.ro\/index.php?rest_route=\/wp\/v2\/posts\/34941\/revisions\/34943"}],"wp:featuredmedia":[{"embeddable":true,"href":"https:\/\/realitatearutiera.ro\/index.php?rest_route=\/wp\/v2\/media\/34942"}],"wp:attachment":[{"href":"https:\/\/realitatearutiera.ro\/index.php?rest_route=%2Fwp%2Fv2%2Fmedia&parent=34941"}],"wp:term":[{"taxonomy":"category","embeddable":true,"href":"https:\/\/realitatearutiera.ro\/index.php?rest_route=%2Fwp%2Fv2%2Fcategories&post=34941"},{"taxonomy":"post_tag","embeddable":true,"href":"https:\/\/realitatearutiera.ro\/index.php?rest_route=%2Fwp%2Fv2%2Ftags&post=34941"}],"curies":[{"name":"wp","href":"https:\/\/api.w.org\/{rel}","templated":true}]}}