{"id":35046,"date":"2018-04-17T10:31:24","date_gmt":"2018-04-17T07:31:24","guid":{"rendered":"http:\/\/realitatearutiera.ro\/?p=35046"},"modified":"2018-04-17T10:31:24","modified_gmt":"2018-04-17T07:31:24","slug":"accident-grav-la-sinaia-in-aceasta-dimineata-o-soferita-a-lovit-3-elevi-pe-trecerea-de-pietoni","status":"publish","type":"post","link":"https:\/\/realitatearutiera.ro\/?p=35046","title":{"rendered":"Accident grav la Sinaia, \u00een aceast\u0103 diminea\u0163\u0103. O \u015foferi\u0163\u0103 a lovit 3 elevi pe trecerea de pietoni."},"content":{"rendered":"<p class=\"chapeau\">Trei elevi ai Colegiului \u201dMihail Cantacuzino\u201d din Sinaia au fost lovi\u0163i, mar\u0163i, de o ma\u015fin\u0103 condus\u0103 tot de o elev\u0103, pe o strad\u0103 din apropierea unit\u0103\u0163ii de \u00eenv\u0103\u0163\u0103m\u00e2nt. Adolescen\u0163ii au suferit mai multe traumatisme, transmite corespondentul MEDIAFAX.<\/p>\n<p class=\"shareandviews\">\n<div class=\"ArticleImageContainer\"><a title=\"Galerie foto Trei elevi ai Colegiului &quot;Mihail Cantacuzino&quot;, lovi\u0163i de o ma\u015fin\u0103 condus\u0103 de o elev\u0103, pe o strad\u0103 din Sinaia\" href=\"http:\/\/www.mediafax.ro\/social\/trei-elevi-ai-colegiului-mihail-cantacuzino-loviti-de-o-masina-condusa-de-o-eleva-pe-o-strada-din-sinaia-17133199\/foto\"><img loading=\"lazy\" decoding=\"async\" id=\"main_picture\" class=\"\" src=\"https:\/\/i0.wp.com\/storage0.dms.mpinteractiv.ro\/media\/1\/1\/1688\/17133199\/1\/ambulanta-generic-publimedia-octav-ganea.jpg?resize=371%2C278\" alt=\"\" width=\"371\" height=\"278\" data-recalc-dims=\"1\" \/><\/a><\/p>\n<p class=\"articlePhotoCaption\">Trei elevi ai Colegiului &#8220;Mihail Cantacuzino&#8221;, lovi\u0163i de o ma\u015fin\u0103 condus\u0103 de o elev\u0103, pe o strad\u0103 din Sinaia<\/p>\n<\/div>\n<div id=\"article_text_content\">\n<p>Potrivit Poli\u0163iei Prahova, accidentul a avut loc \u00een Sinaia, \u00een apropierea Colegiului \u201dMihail Cantacuzino\u201d din Sinaia. Aici, trei elevi au fost lovi\u0163i de o ma\u015fin\u0103 \u00een timp ce mergeau pe aleea care duce spre liceu.<\/p>\n<p>Ma\u015fina care i-a lovit pe adolescen\u0163i era condus\u0103 de o elev\u0103 \u00een v\u00e2rst\u0103 de 18 ani, care a ob\u0163inut permisul de conducere \u00een urm\u0103 cu dou\u0103 s\u0103pt\u0103m\u00e2ni.<\/p>\n<p>\u201dConduc\u0103toarea auto are 18 ani, tot elev\u0103. Un autoturism a acro\u015fat trei pietoni, elevi ce se aflau pe aleea din fa\u0163a liceului. Cei trei sunt \u00een ambulan\u0163\u0103\u201d, a declarat, corespondentului MEDIAFAX, purt\u0103torul de cuv\u00e2nt al Poli\u0163iei Prahova, Marian Popescu.<\/p>\n<div>\u00a0La r\u00e2ndul s\u0103u, directorul Ambulan\u0163ei Prahova, Daniel Nicolae, a declarat c\u0103 echipajele medicale acord\u0103 \u00eengrijiri medicale, cei trei elevi suferind traumatisme.<\/div>\n<p>\u201dSunt dou\u0103 fete de 17 ani, una cu traumatism cranian minor \u015fi cealalat\u0103 a suferit un traumatism abdominal. Un b\u0103iat de 18 ani a suferit traumatisme cranian \u015fi facial. Vor fi transporta\u0163i la spital\u201d, a declarat Nicolae.<\/p>\n<div id=\"videoad\">Poli\u0163i\u015ftii au deschis o anchet\u0103 \u00een acest caz.<\/div>\n<\/div>\n<div><\/div>\n<div>Sursa:mediafax.ro<\/div>\n","protected":false},"excerpt":{"rendered":"<p>Trei elevi ai Colegiului \u201dMihail Cantacuzino\u201d din Sinaia au fost lovi\u0163i, mar\u0163i, de o ma\u015fin\u0103 condus\u0103 tot de o elev\u0103,<\/p>\n","protected":false},"author":1,"featured_media":35047,"comment_status":"closed","ping_status":"closed","sticky":false,"template":"","format":"standard","meta":{"spay_email":"","footnotes":"","jetpack_publicize_message":""},"categories":[1],"tags":[],"class_list":["post-35046","post","type-post","status-publish","format-standard","has-post-thumbnail","hentry","category-uncategorized"],"jetpack_featured_media_url":"https:\/\/i0.wp.com\/realitatearutiera.ro\/wp-content\/uploads\/2018\/04\/ambulanta-generic-publimedia-octav-ganea.jpg?fit=604%2C454&ssl=1","jetpack_publicize_connections":[],"jetpack_sharing_enabled":true,"jetpack_shortlink":"https:\/\/wp.me\/p61naM-97g","jetpack-related-posts":[],"_links":{"self":[{"href":"https:\/\/realitatearutiera.ro\/index.php?rest_route=\/wp\/v2\/posts\/35046","targetHints":{"allow":["GET"]}}],"collection":[{"href":"https:\/\/realitatearutiera.ro\/index.php?rest_route=\/wp\/v2\/posts"}],"about":[{"href":"https:\/\/realitatearutiera.ro\/index.php?rest_route=\/wp\/v2\/types\/post"}],"author":[{"embeddable":true,"href":"https:\/\/realitatearutiera.ro\/index.php?rest_route=\/wp\/v2\/users\/1"}],"replies":[{"embeddable":true,"href":"https:\/\/realitatearutiera.ro\/index.php?rest_route=%2Fwp%2Fv2%2Fcomments&post=35046"}],"version-history":[{"count":1,"href":"https:\/\/realitatearutiera.ro\/index.php?rest_route=\/wp\/v2\/posts\/35046\/revisions"}],"predecessor-version":[{"id":35048,"href":"https:\/\/realitatearutiera.ro\/index.php?rest_route=\/wp\/v2\/posts\/35046\/revisions\/35048"}],"wp:featuredmedia":[{"embeddable":true,"href":"https:\/\/realitatearutiera.ro\/index.php?rest_route=\/wp\/v2\/media\/35047"}],"wp:attachment":[{"href":"https:\/\/realitatearutiera.ro\/index.php?rest_route=%2Fwp%2Fv2%2Fmedia&parent=35046"}],"wp:term":[{"taxonomy":"category","embeddable":true,"href":"https:\/\/realitatearutiera.ro\/index.php?rest_route=%2Fwp%2Fv2%2Fcategories&post=35046"},{"taxonomy":"post_tag","embeddable":true,"href":"https:\/\/realitatearutiera.ro\/index.php?rest_route=%2Fwp%2Fv2%2Ftags&post=35046"}],"curies":[{"name":"wp","href":"https:\/\/api.w.org\/{rel}","templated":true}]}}