{"id":35316,"date":"2018-04-24T09:20:43","date_gmt":"2018-04-24T06:20:43","guid":{"rendered":"http:\/\/realitatearutiera.ro\/?p=35316"},"modified":"2018-04-24T09:20:43","modified_gmt":"2018-04-24T06:20:43","slug":"vremea-se-schimba-radical","status":"publish","type":"post","link":"https:\/\/realitatearutiera.ro\/?p=35316","title":{"rendered":"Vremea se schimb\u0103 radical"},"content":{"rendered":"<p>Vremea va fi deosebit de cald\u00e3, dar va deveni, \u00een general instabil\u00e3, \u00een majoritatea regiunilor. \u00cendeosebi pe parcursul zilei, \u00een jum\u00e3tatea de nord a \u0163\u00e3rii \u015fi pe arii restr\u00e2nse \u00een rest, vor fi \u00eennor\u00e3ri temporar accentuate, averse, desc\u00e3rc\u00e3ri electrice \u015fi intensific\u00e3ri de scurt\u00e3 durat\u00e3 ale v\u00e2ntului. Ploile \u015fi cu caracter toren\u0163ial, izolat vor fi mai \u00eensemnate cantitativ \u015fi vor fi condi\u0163ii de grindin\u00e3. Temperaturile maxime vor avea valori de la\u00a0<span class=\"text_exposed_show\">17&#8230;18 grade \u00een nordul litoralului, p\u00e2n\u00e3 \u00een jur de 30 de grade \u00een Oltenia \u015fi \u00een Muntenia, iar cele minime vor fi cuprinse \u00eentre 7 \u015fi 15 grade.<\/span><\/p>\n<p><strong>Miercuri (25 aprilie)<\/strong><\/p>\n<p>Vremea va fi deosebit de cald\u00e3. Cerul va fi variabil, cu unele \u00eennor\u00e3ri mai ales ziua, c\u00e2nd la munte \u015fi izolat \u00een celelalte regiuni, vor fi averse \u015fi desc\u00e3rc\u00e3ri electrice. V\u00e2ntul va sufla slab \u015fi moderat, cu intensific\u00e3ri temporare \u00een zona montan\u00e3. Temperaturile maxime vor fi cuprinse \u00eentre 18 grade \u00een nordul litoralului \u015fi 28&#8230;29 de grade \u00een Oltenia \u015fi Muntenia, iar cele minime \u00eentre 5 \u015fi 15 grade.<\/p>\n<p><strong>Joi (26 aprilie)<\/strong><\/p>\n<p>Vremea se va men\u0163ine deosebit de cald\u00e3. Local, din orele amiezii vor fi manifest\u00e3ri specifice instabilit\u00e3\u0163ii atmosferice, respectiv \u00eennor\u00e3ri temporar accentuate, averse, desc\u00e3rc\u00e3ri electrice \u015fi intensific\u00e3ri de scurt\u00e3 durat\u00e3 ale v\u00e2ntului. Ploile vor putea avea caracter toren\u0163ial \u015fi vor fi condi\u0163ii de grindin\u00e3. Temperaturile maxime se vor \u00eencadra \u00eentre 19 \u015fi 29 de grade, iar cele minime \u00eentre 6 \u015fi 15 grade.<\/p>\n<p>Sursa:antena3<\/p>\n","protected":false},"excerpt":{"rendered":"<p>Vremea va fi deosebit de cald\u00e3, dar va deveni, \u00een general instabil\u00e3, \u00een majoritatea regiunilor. \u00cendeosebi pe parcursul zilei, \u00een<\/p>\n","protected":false},"author":1,"featured_media":34473,"comment_status":"closed","ping_status":"closed","sticky":false,"template":"","format":"standard","meta":{"spay_email":"","footnotes":"","jetpack_publicize_message":""},"categories":[6],"tags":[],"class_list":["post-35316","post","type-post","status-publish","format-standard","has-post-thumbnail","hentry","category-social"],"jetpack_featured_media_url":"https:\/\/i1.wp.com\/realitatearutiera.ro\/wp-content\/uploads\/2018\/04\/meteo.jpg?fit=599%2C550&ssl=1","jetpack_publicize_connections":[],"jetpack_sharing_enabled":true,"jetpack_shortlink":"https:\/\/wp.me\/p61naM-9bC","jetpack-related-posts":[],"_links":{"self":[{"href":"https:\/\/realitatearutiera.ro\/index.php?rest_route=\/wp\/v2\/posts\/35316","targetHints":{"allow":["GET"]}}],"collection":[{"href":"https:\/\/realitatearutiera.ro\/index.php?rest_route=\/wp\/v2\/posts"}],"about":[{"href":"https:\/\/realitatearutiera.ro\/index.php?rest_route=\/wp\/v2\/types\/post"}],"author":[{"embeddable":true,"href":"https:\/\/realitatearutiera.ro\/index.php?rest_route=\/wp\/v2\/users\/1"}],"replies":[{"embeddable":true,"href":"https:\/\/realitatearutiera.ro\/index.php?rest_route=%2Fwp%2Fv2%2Fcomments&post=35316"}],"version-history":[{"count":1,"href":"https:\/\/realitatearutiera.ro\/index.php?rest_route=\/wp\/v2\/posts\/35316\/revisions"}],"predecessor-version":[{"id":35317,"href":"https:\/\/realitatearutiera.ro\/index.php?rest_route=\/wp\/v2\/posts\/35316\/revisions\/35317"}],"wp:featuredmedia":[{"embeddable":true,"href":"https:\/\/realitatearutiera.ro\/index.php?rest_route=\/wp\/v2\/media\/34473"}],"wp:attachment":[{"href":"https:\/\/realitatearutiera.ro\/index.php?rest_route=%2Fwp%2Fv2%2Fmedia&parent=35316"}],"wp:term":[{"taxonomy":"category","embeddable":true,"href":"https:\/\/realitatearutiera.ro\/index.php?rest_route=%2Fwp%2Fv2%2Fcategories&post=35316"},{"taxonomy":"post_tag","embeddable":true,"href":"https:\/\/realitatearutiera.ro\/index.php?rest_route=%2Fwp%2Fv2%2Ftags&post=35316"}],"curies":[{"name":"wp","href":"https:\/\/api.w.org\/{rel}","templated":true}]}}