{"id":35415,"date":"2018-04-26T11:00:48","date_gmt":"2018-04-26T08:00:48","guid":{"rendered":"http:\/\/realitatearutiera.ro\/?p=35415"},"modified":"2018-04-26T10:05:58","modified_gmt":"2018-04-26T07:05:58","slug":"caz-revoltator-un-nou-incident-violent-alimenteaza-furia-italienilor-contra-romanilor","status":"publish","type":"post","link":"https:\/\/realitatearutiera.ro\/?p=35415","title":{"rendered":"CAZ REVOLT\u0102TOR! Un nou incident violent alimenteaz\u0103 furia italienilor contra rom\u00e2nilor"},"content":{"rendered":"<hr \/>\n<p>Un nou incident violent alimenteaz\u0103 furia italienilor \u015fi discurul politic contra rom\u00e2nilor din Peninsul\u0103. Totul a \u00eenceput de la \u015ftirea c\u0103 trei rom\u00e2ni au b\u0103tut un italian care nu i-a l\u0103sat s\u0103 \u00eei spele parbrizul.<\/p>\n<p>C\u00e2nd a ie\u015fit din autoturism pentru a-l opri pe cel care sp\u0103la efectiv autoturismul, b\u0103rbatul a fost atacat de al\u0163i doi rom\u00e2ni care au \u00eenceput s\u0103-l loveasc\u0103 cu b\u00e2tele, potrivit portalului stiridiaspora.ro.<\/p>\n<p>Italianul a reu\u015fit s\u0103 scape de furia atacatorilor bloc\u00e2ndu-se \u00een ma\u015fin\u0103, dar rom\u00e2nii au continuat s\u0103 loveasc\u0103 cu b\u00e2tele \u015fi vehicolul.<\/p>\n<p>Victima a ajuns la spital cu traume severe de la cap, iar carabinierii i-au identificat pe cei trei rom\u00e2ni, doi \u00een v\u00e2rst\u0103 de 24 de ani \u015fi al treilea de 26 de ani, care au fost acuza\u0163i de v\u0103t\u0103mare corporal\u0103 \u015fi distrugere.<\/p>\n<p>Sursa:realitatea.net<\/p>\n","protected":false},"excerpt":{"rendered":"<p>Un nou incident violent alimenteaz\u0103 furia italienilor \u015fi discurul politic contra rom\u00e2nilor din Peninsul\u0103. Totul a \u00eenceput de la \u015ftirea<\/p>\n","protected":false},"author":1,"featured_media":0,"comment_status":"closed","ping_status":"closed","sticky":false,"template":"","format":"standard","meta":{"spay_email":"","footnotes":"","jetpack_publicize_message":""},"categories":[1],"tags":[],"class_list":["post-35415","post","type-post","status-publish","format-standard","hentry","category-uncategorized"],"jetpack_featured_media_url":"","jetpack_publicize_connections":[],"jetpack_sharing_enabled":true,"jetpack_shortlink":"https:\/\/wp.me\/p61naM-9dd","jetpack-related-posts":[],"_links":{"self":[{"href":"https:\/\/realitatearutiera.ro\/index.php?rest_route=\/wp\/v2\/posts\/35415","targetHints":{"allow":["GET"]}}],"collection":[{"href":"https:\/\/realitatearutiera.ro\/index.php?rest_route=\/wp\/v2\/posts"}],"about":[{"href":"https:\/\/realitatearutiera.ro\/index.php?rest_route=\/wp\/v2\/types\/post"}],"author":[{"embeddable":true,"href":"https:\/\/realitatearutiera.ro\/index.php?rest_route=\/wp\/v2\/users\/1"}],"replies":[{"embeddable":true,"href":"https:\/\/realitatearutiera.ro\/index.php?rest_route=%2Fwp%2Fv2%2Fcomments&post=35415"}],"version-history":[{"count":1,"href":"https:\/\/realitatearutiera.ro\/index.php?rest_route=\/wp\/v2\/posts\/35415\/revisions"}],"predecessor-version":[{"id":35416,"href":"https:\/\/realitatearutiera.ro\/index.php?rest_route=\/wp\/v2\/posts\/35415\/revisions\/35416"}],"wp:attachment":[{"href":"https:\/\/realitatearutiera.ro\/index.php?rest_route=%2Fwp%2Fv2%2Fmedia&parent=35415"}],"wp:term":[{"taxonomy":"category","embeddable":true,"href":"https:\/\/realitatearutiera.ro\/index.php?rest_route=%2Fwp%2Fv2%2Fcategories&post=35415"},{"taxonomy":"post_tag","embeddable":true,"href":"https:\/\/realitatearutiera.ro\/index.php?rest_route=%2Fwp%2Fv2%2Ftags&post=35415"}],"curies":[{"name":"wp","href":"https:\/\/api.w.org\/{rel}","templated":true}]}}