{"id":35530,"date":"2018-05-02T13:23:30","date_gmt":"2018-05-02T10:23:30","guid":{"rendered":"http:\/\/realitatearutiera.ro\/?p=35530"},"modified":"2018-05-02T13:23:30","modified_gmt":"2018-05-02T10:23:30","slug":"tanara-lovita-pe-trecerea-nesemaforizata-de-sub-podul-nicolina-iasi","status":"publish","type":"post","link":"https:\/\/realitatearutiera.ro\/?p=35530","title":{"rendered":"T\u00e2n\u0103r\u0103 lovit\u0103 pe trecerea nesemaforizat\u0103 de sub Podul Nicolina, Ia\u015fi"},"content":{"rendered":"<div class=\"text-parag strong \">\n<p>Accidentul a avut loc la ora 8,30 diminea\u0163a, pe trecerea nesemaforizat\u0103 de sub Podul Nicolina.<\/p>\n<p><img loading=\"lazy\" decoding=\"async\" class=\"\" src=\"https:\/\/i2.wp.com\/storage0.dms.mpinteractiv.ro\/media\/1\/1\/1688\/17170480\/1\/ambulanta-generic-publimedia-octav-ganea.jpg?resize=404%2C304\" width=\"404\" height=\"304\" data-recalc-dims=\"1\" \/><\/p>\n<\/div>\n<div class=\"text-parag\">O femeie \u00een v\u00e2rst\u0103 de 28 de ani, \u00eens\u0103rcinat\u0103, a fost lovit\u0103 de un autoturism pe trecerea de pietoni de sub pasajul Nicolina, de l\u00e2ng\u0103 fostul Bazar. Accidentul a avut loc s\u00e2mb\u0103t\u0103 diminea\u0163a, \u00een jurul orei 8.30. \u015eoferul le-a spus poli\u0163i\u015ftilor c\u0103 el a claxonat femeia aflat\u0103 pe trecere.<\/div>\n<div class=\"details-text text-parag \">\n<p><em><strong>\u201ePrintr-un apel la 112, efectuat la ora 8.37, SAJ Ia\u015fi a fost solicitat s\u0103 intervin\u0103 la un accident rutier cu victim\u0103, pe bulevardul Nicolae Iorga, \u00een zona fostului Bazar. A fost dirijat imediat un echipaj medical de ur\u00adgen\u0163\u0103 cu medic, care, la locul solicit\u0103rii, a g\u0103sit o femeie de 28 de ani, pieton. Aceasta era con\u00ad\u015ftient\u0103, avea un traumatism cra\u00adnio-cerebral cu plag\u0103, traumatism cranio-facial, fractur\u0103 membru inferior st\u00e2ng \u015fi se afl\u0103 \u00een trimestrul doi de sarcin\u0103. A fost evaluat\u0103 \u015fi, dup\u0103 acordarea asisten\u0163ei medicale de urgen\u0163\u0103, pa\u00adcienta a fost transportat\u0103 la UPU de la Spitalul \u201eSf. Spiridon\u201c pentru investiga\u0163ii de specialitate\u201c<\/strong><\/em>, a declarat Nicolai Pralea, purt\u0103tor de cuv\u00e2nt al SAJ Ia\u015fi.<\/p>\n<p>Poli\u0163i\u015ftii au precizat c\u0103 au deschis un dosar penal pentru v\u0103t\u0103mare corporal\u0103 din culp\u0103, \u00een acest caz.<\/p>\n<p><em><strong>\u201ePoli\u0163i\u015ftii au fost sesiza\u0163i cu privire la producerea unui accident \u00een care un pieton a fost lovit \u00een timp ce traversa regulamentar strada. \u00cen acest caz sunt efectuate cercet\u0103ri pentru comiterea infrac\u0163iunii de v\u0103t\u0103mare corporal\u0103 din culp\u0103\u201c<\/strong><\/em>, au precizat reprezentan\u0163ii Poli\u0163iei Ia\u015fi.<\/p>\n<p>Sursa:ziaruldeiasi<\/p>\n<\/div>\n","protected":false},"excerpt":{"rendered":"<p>Accidentul a avut loc la ora 8,30 diminea\u0163a, pe trecerea nesemaforizat\u0103 de sub Podul Nicolina. O femeie \u00een v\u00e2rst\u0103 de<\/p>\n","protected":false},"author":1,"featured_media":0,"comment_status":"closed","ping_status":"closed","sticky":false,"template":"","format":"standard","meta":{"spay_email":"","footnotes":"","jetpack_publicize_message":""},"categories":[1],"tags":[],"class_list":["post-35530","post","type-post","status-publish","format-standard","hentry","category-uncategorized"],"jetpack_featured_media_url":"","jetpack_publicize_connections":[],"jetpack_sharing_enabled":true,"jetpack_shortlink":"https:\/\/wp.me\/p61naM-9f4","jetpack-related-posts":[],"_links":{"self":[{"href":"https:\/\/realitatearutiera.ro\/index.php?rest_route=\/wp\/v2\/posts\/35530","targetHints":{"allow":["GET"]}}],"collection":[{"href":"https:\/\/realitatearutiera.ro\/index.php?rest_route=\/wp\/v2\/posts"}],"about":[{"href":"https:\/\/realitatearutiera.ro\/index.php?rest_route=\/wp\/v2\/types\/post"}],"author":[{"embeddable":true,"href":"https:\/\/realitatearutiera.ro\/index.php?rest_route=\/wp\/v2\/users\/1"}],"replies":[{"embeddable":true,"href":"https:\/\/realitatearutiera.ro\/index.php?rest_route=%2Fwp%2Fv2%2Fcomments&post=35530"}],"version-history":[{"count":1,"href":"https:\/\/realitatearutiera.ro\/index.php?rest_route=\/wp\/v2\/posts\/35530\/revisions"}],"predecessor-version":[{"id":35531,"href":"https:\/\/realitatearutiera.ro\/index.php?rest_route=\/wp\/v2\/posts\/35530\/revisions\/35531"}],"wp:attachment":[{"href":"https:\/\/realitatearutiera.ro\/index.php?rest_route=%2Fwp%2Fv2%2Fmedia&parent=35530"}],"wp:term":[{"taxonomy":"category","embeddable":true,"href":"https:\/\/realitatearutiera.ro\/index.php?rest_route=%2Fwp%2Fv2%2Fcategories&post=35530"},{"taxonomy":"post_tag","embeddable":true,"href":"https:\/\/realitatearutiera.ro\/index.php?rest_route=%2Fwp%2Fv2%2Ftags&post=35530"}],"curies":[{"name":"wp","href":"https:\/\/api.w.org\/{rel}","templated":true}]}}