{"id":35534,"date":"2018-05-02T13:28:18","date_gmt":"2018-05-02T10:28:18","guid":{"rendered":"http:\/\/realitatearutiera.ro\/?p=35534"},"modified":"2018-05-02T13:28:18","modified_gmt":"2018-05-02T10:28:18","slug":"masina-rasturnata-de-un-sofer-incepator-in-zona-little-texas-iasi","status":"publish","type":"post","link":"https:\/\/realitatearutiera.ro\/?p=35534","title":{"rendered":"Ma\u0219in\u0103 r\u0103sturnat\u0103 de un \u015fofer \u00eencep\u0103tor \u00een zona Little Texas, Ia\u015fi"},"content":{"rendered":"<h1 class=\"article-main-title \"><img loading=\"lazy\" decoding=\"async\" class=\"\" src=\"https:\/\/www.ziaruldeiasi.ro\/app\/gethumb.details.php?id=288155&amp;w=640&amp;h=480\" alt=\"accident Solenza\" width=\"243\" height=\"217\" \/><\/h1>\n<p>Un t\u00e2n\u0103r \u015fofer \u00eencep\u0103tor s-a angajat \u00eentr-o dep\u0103\u015fire a unei ma\u015fini ce tocmai vira la st\u00e2nga.<\/p>\n<p>Un \u015fofer \u00eencep\u0103tor, \u00een v\u00e2rst\u0103 de 19 ani, a sc\u0103pat de sub control ma\u015fina pe care o conducea, o Dacia Solenza \u00een care se afla cu \u00eenc\u0103 trei prieteni, \u00een drum spre Ciric, \u00een zona Little Texas. Autoturismul s-a r\u0103sturnat \u00een timp ce efectua o dep\u0103\u015fire a unei ma\u015fini care a virat st\u00e2nga, la fa\u0163a locului intervenind patru echipaje de la SMURD \u015fi ale Serviciului de Ambulan\u0163\u0103 Jude\u0163ean (SAJ) pentru a putea trata victimele grav r\u0103nite \u015fi pentru a le transporta la unit\u0103\u0163ile de primiri urgen\u0163e de la spitalele de profil din Ia\u015fi.<\/p>\n<p>Cei patru b\u0103rba\u0163i afla\u0163i \u00een ma\u015fin\u0103 au suferit r\u0103ni grave care au necesitat tratamente complexe: pasagerul din dreapta spate, \u00een v\u00e2rst\u0103 de 18 ani, a suferit un traumatism la nivelul coloanei lombare, unul toraco-abdominal, \u015fi a fost direc\u0163ionat la Spitalul de Neurochirurgie. Cel\u0103lalt pasager din spate a suferit \u015fi el multiple traumatisme &#8211; unul la nivelul cotului st\u00e2ng, unul la tibia de la piciorul drept, unul toraco-abdominal, \u00een timp ce pasagerul din dreapta fa\u0163a a suferit un traumatism la nivelul um\u0103rului st\u00e2ng \u015fi al gambei st\u00e2ngi. \u015ei \u015foferul, un t\u00e2n\u0103r de 19 ani, a fost r\u0103nit grav. El a suferit un traumatism la nivelul um\u0103rului st\u00e2ng, unul cranio-facial \u015fi a fost internat la Spitalul \u201eSf. Spiridon\u201c dup\u0103 ce a fost tratat \u00een Unitatea de Primire Urgen\u0163e.<\/p>\n<p>Sursa:ziaruldeiasi<\/p>\n","protected":false},"excerpt":{"rendered":"<p>Un t\u00e2n\u0103r \u015fofer \u00eencep\u0103tor s-a angajat \u00eentr-o dep\u0103\u015fire a unei ma\u015fini ce tocmai vira la st\u00e2nga. Un \u015fofer \u00eencep\u0103tor, \u00een<\/p>\n","protected":false},"author":1,"featured_media":0,"comment_status":"closed","ping_status":"closed","sticky":false,"template":"","format":"standard","meta":{"spay_email":"","footnotes":"","jetpack_publicize_message":""},"categories":[1],"tags":[],"class_list":["post-35534","post","type-post","status-publish","format-standard","hentry","category-uncategorized"],"jetpack_featured_media_url":"","jetpack_publicize_connections":[],"jetpack_sharing_enabled":true,"jetpack_shortlink":"https:\/\/wp.me\/p61naM-9f8","jetpack-related-posts":[],"_links":{"self":[{"href":"https:\/\/realitatearutiera.ro\/index.php?rest_route=\/wp\/v2\/posts\/35534","targetHints":{"allow":["GET"]}}],"collection":[{"href":"https:\/\/realitatearutiera.ro\/index.php?rest_route=\/wp\/v2\/posts"}],"about":[{"href":"https:\/\/realitatearutiera.ro\/index.php?rest_route=\/wp\/v2\/types\/post"}],"author":[{"embeddable":true,"href":"https:\/\/realitatearutiera.ro\/index.php?rest_route=\/wp\/v2\/users\/1"}],"replies":[{"embeddable":true,"href":"https:\/\/realitatearutiera.ro\/index.php?rest_route=%2Fwp%2Fv2%2Fcomments&post=35534"}],"version-history":[{"count":1,"href":"https:\/\/realitatearutiera.ro\/index.php?rest_route=\/wp\/v2\/posts\/35534\/revisions"}],"predecessor-version":[{"id":35535,"href":"https:\/\/realitatearutiera.ro\/index.php?rest_route=\/wp\/v2\/posts\/35534\/revisions\/35535"}],"wp:attachment":[{"href":"https:\/\/realitatearutiera.ro\/index.php?rest_route=%2Fwp%2Fv2%2Fmedia&parent=35534"}],"wp:term":[{"taxonomy":"category","embeddable":true,"href":"https:\/\/realitatearutiera.ro\/index.php?rest_route=%2Fwp%2Fv2%2Fcategories&post=35534"},{"taxonomy":"post_tag","embeddable":true,"href":"https:\/\/realitatearutiera.ro\/index.php?rest_route=%2Fwp%2Fv2%2Ftags&post=35534"}],"curies":[{"name":"wp","href":"https:\/\/api.w.org\/{rel}","templated":true}]}}