{"id":35753,"date":"2018-05-09T07:52:38","date_gmt":"2018-05-09T04:52:38","guid":{"rendered":"http:\/\/realitatearutiera.ro\/?p=35753"},"modified":"2018-05-09T07:52:38","modified_gmt":"2018-05-09T04:52:38","slug":"informatii-din-trafic-86","status":"publish","type":"post","link":"https:\/\/realitatearutiera.ro\/?p=35753","title":{"rendered":"Informa\u0163ii din trafic"},"content":{"rendered":"<p><img loading=\"lazy\" decoding=\"async\" class=\"\" src=\"https:\/\/i1.wp.com\/media.dcnews.ro\/image\/201706\/w670\/infotrafic_26531200.jpg?resize=214%2C164&#038;ssl=1\" alt=\"Imagini pentru infotrafic\" width=\"214\" height=\"164\" data-recalc-dims=\"1\" \/><\/p>\n<p>09 Mai 2018 06:45<\/p>\n<p>Centrul INFOTRAFIC<strong>din Inspectoratul General al Poli\u0163iei Rom\u00e2ne<\/strong>\u00a0informeaz\u0103 c\u0103 pe\u00a0<strong>DN1<\/strong>, la ie\u015firea din municipiul Alba-Iulia c\u0103tre Sebe\u015f (\u00een jude\u0163ul Alba), a avut loc un accident rutier \u00een care au fost implicate un autoturism, un camion \u015fi o cistern\u0103. Din acest motiv, traficul rutier este momentan oprit pe ambele sensuri. Evenimentul s-a soldat cu r\u0103nirea unei persoane (din autoturism).<\/p>\n<p>09 mai 2018 07:05<\/p>\n<p>Centrul INFOTRAFIC<strong>din Inspectoratul General al Poli\u0163iei Rom\u00e2ne<\/strong>\u00a0informeaz\u0103 c\u0103 circula\u0163ia rutier\u0103 pe sensul c\u0103tre Capital\u0103 al\u00a0<strong>DN1 Ploie\u015fti &#8211; Bucure\u015fti\u00a0<\/strong>se desf\u0103\u015foar\u0103 \u00eengreunat, pe banda num\u0103rul 2, la km 26, \u00een zona localit\u0103\u0163ii ilfovene S\u0103ftica, dup\u0103 ce remorca unui camion a luat foc \u00een timpul deplas\u0103rii. Incendiul a fost lichidat. Evenimentul nu s-a soldat cu victime.<\/p>\n<p>09 Mai 2018 07:25<\/p>\n<p>Centrul INFOTRAFIC<strong>din Inspectoratul General al Poli\u0163iei Rom\u00e2ne<\/strong>\u00a0informeaz\u0103 c\u0103 circula\u0163ia rutier\u0103 pe\u00a0<strong>DN17 Vatra Dornei \u2013 Bistri\u0163a<\/strong>se desf\u0103\u015foar\u0103 \u00eengreunat, pe un fir alternativ, \u00een zona localit\u0103\u0163ii Piatra F\u00e2nt\u00e2nele (Pasul Tihu\u0163a, jude\u0163ul Bistri\u0163a-N\u0103s\u0103ud), dup\u0103 ce, pe fondul neadapt\u0103rii vitezei \u00eentr-o curb\u0103 periculoas\u0103, un autotren a r\u0103mas de-a curmezi\u015ful pe carosabil. \u015eoferul vehiculului a suferit leziuni u\u015foare.<\/p>\n<p>Sursa:livetrafic<\/p>\n","protected":false},"excerpt":{"rendered":"<p>09 Mai 2018 06:45 Centrul INFOTRAFICdin Inspectoratul General al Poli\u0163iei Rom\u00e2ne\u00a0informeaz\u0103 c\u0103 pe\u00a0DN1, la ie\u015firea din municipiul Alba-Iulia c\u0103tre Sebe\u015f<\/p>\n","protected":false},"author":1,"featured_media":0,"comment_status":"closed","ping_status":"closed","sticky":false,"template":"","format":"standard","meta":{"spay_email":"","footnotes":"","jetpack_publicize_message":""},"categories":[54],"tags":[],"class_list":["post-35753","post","type-post","status-publish","format-standard","hentry","category-informatii-rutiere"],"jetpack_featured_media_url":"","jetpack_publicize_connections":[],"jetpack_sharing_enabled":true,"jetpack_shortlink":"https:\/\/wp.me\/p61naM-9iF","jetpack-related-posts":[],"_links":{"self":[{"href":"https:\/\/realitatearutiera.ro\/index.php?rest_route=\/wp\/v2\/posts\/35753","targetHints":{"allow":["GET"]}}],"collection":[{"href":"https:\/\/realitatearutiera.ro\/index.php?rest_route=\/wp\/v2\/posts"}],"about":[{"href":"https:\/\/realitatearutiera.ro\/index.php?rest_route=\/wp\/v2\/types\/post"}],"author":[{"embeddable":true,"href":"https:\/\/realitatearutiera.ro\/index.php?rest_route=\/wp\/v2\/users\/1"}],"replies":[{"embeddable":true,"href":"https:\/\/realitatearutiera.ro\/index.php?rest_route=%2Fwp%2Fv2%2Fcomments&post=35753"}],"version-history":[{"count":1,"href":"https:\/\/realitatearutiera.ro\/index.php?rest_route=\/wp\/v2\/posts\/35753\/revisions"}],"predecessor-version":[{"id":35754,"href":"https:\/\/realitatearutiera.ro\/index.php?rest_route=\/wp\/v2\/posts\/35753\/revisions\/35754"}],"wp:attachment":[{"href":"https:\/\/realitatearutiera.ro\/index.php?rest_route=%2Fwp%2Fv2%2Fmedia&parent=35753"}],"wp:term":[{"taxonomy":"category","embeddable":true,"href":"https:\/\/realitatearutiera.ro\/index.php?rest_route=%2Fwp%2Fv2%2Fcategories&post=35753"},{"taxonomy":"post_tag","embeddable":true,"href":"https:\/\/realitatearutiera.ro\/index.php?rest_route=%2Fwp%2Fv2%2Ftags&post=35753"}],"curies":[{"name":"wp","href":"https:\/\/api.w.org\/{rel}","templated":true}]}}