{"id":35755,"date":"2018-05-09T07:55:36","date_gmt":"2018-05-09T04:55:36","guid":{"rendered":"http:\/\/realitatearutiera.ro\/?p=35755"},"modified":"2018-05-09T07:55:36","modified_gmt":"2018-05-09T04:55:36","slug":"evaluarea-la-clasa-a-ii-a-va-continua-miercuri-cu-proba-la-matematica","status":"publish","type":"post","link":"https:\/\/realitatearutiera.ro\/?p=35755","title":{"rendered":"Evaluarea la clasa a II-a va continua miercuri cu proba la matematic\u0103"},"content":{"rendered":"<p><strong>Evaluarea na\u0163ional\u0103 la clasa a II-a va continua miercuri cu proba la matematic\u0103, potrivit calendarului aprobat de MEN, anun\u021b\u0103 Agerpres. Urm\u0103toarea prob\u0103 &#8211; cea de limba rom\u00e2n\u0103 (scris \u015fi citit) pentru elevii din r\u00e2ndul minorit\u0103\u0163ilor na\u0163ionale &#8211; va avea loc joi.<\/strong><\/p>\n<p>Testele sunt elaborate de Centrul Na\u0163ional de Evaluare \u015fi Examinare, au un format asem\u0103n\u0103tor cu cel al evalu\u0103rilor interna\u0163ionale \u015fi trebuie s\u0103 aib\u0103 un nivel mediu de dificultate.<\/p>\n<p>Durata alocat\u0103 rezolv\u0103rii acestora este de 30 de minute pentru fiecare test administrat la EN II.<\/p>\n<p>Testele sunt evaluate \u00een cadrul unit\u0103\u0163ii de \u00eenv\u0103\u0163\u0103m\u00e2nt, de cadrele didactice din respectiva unitate, \u00een termen de cel mult 7 zile de la data sus\u0163inerii ultimului test la clasa respectiv\u0103.<\/p>\n<p>Rezultatele individuale ob\u0163inute la aceste evalu\u0103ri nu se afi\u015feaz\u0103\/ nu se comunic\u0103 public \u015fi nu se \u00eenregistreaz\u0103 \u00een catalogul clasei. Rezultatele sunt valorificate strict la nivelul unit\u0103\u0163ii de \u00eenv\u0103\u0163\u0103m\u00e2nt prin elaborarea planurilor individualizate de \u00eenv\u0103\u0163are, acolo unde este cazul, respectiv informarea elevilor \u015fi a p\u0103rin\u0163ilor\/ reprezentan\u0163ilor legali asupra stadiului form\u0103rii \u015fi dezvolt\u0103rii\u00a0competen\u0163elor evaluate, precizeaz\u0103 MEN.<\/p>\n<p>Sursa:hotnews.ro<\/p>\n","protected":false},"excerpt":{"rendered":"<p>Evaluarea na\u0163ional\u0103 la clasa a II-a va continua miercuri cu proba la matematic\u0103, potrivit calendarului aprobat de MEN, anun\u021b\u0103 Agerpres.<\/p>\n","protected":false},"author":1,"featured_media":33241,"comment_status":"closed","ping_status":"closed","sticky":false,"template":"","format":"standard","meta":{"spay_email":"","footnotes":"","jetpack_publicize_message":""},"categories":[6],"tags":[],"class_list":["post-35755","post","type-post","status-publish","format-standard","has-post-thumbnail","hentry","category-social"],"jetpack_featured_media_url":"https:\/\/i2.wp.com\/realitatearutiera.ro\/wp-content\/uploads\/2018\/03\/evaluare.jpg?fit=210%2C140&ssl=1","jetpack_publicize_connections":[],"jetpack_sharing_enabled":true,"jetpack_shortlink":"https:\/\/wp.me\/p61naM-9iH","jetpack-related-posts":[],"_links":{"self":[{"href":"https:\/\/realitatearutiera.ro\/index.php?rest_route=\/wp\/v2\/posts\/35755","targetHints":{"allow":["GET"]}}],"collection":[{"href":"https:\/\/realitatearutiera.ro\/index.php?rest_route=\/wp\/v2\/posts"}],"about":[{"href":"https:\/\/realitatearutiera.ro\/index.php?rest_route=\/wp\/v2\/types\/post"}],"author":[{"embeddable":true,"href":"https:\/\/realitatearutiera.ro\/index.php?rest_route=\/wp\/v2\/users\/1"}],"replies":[{"embeddable":true,"href":"https:\/\/realitatearutiera.ro\/index.php?rest_route=%2Fwp%2Fv2%2Fcomments&post=35755"}],"version-history":[{"count":1,"href":"https:\/\/realitatearutiera.ro\/index.php?rest_route=\/wp\/v2\/posts\/35755\/revisions"}],"predecessor-version":[{"id":35756,"href":"https:\/\/realitatearutiera.ro\/index.php?rest_route=\/wp\/v2\/posts\/35755\/revisions\/35756"}],"wp:featuredmedia":[{"embeddable":true,"href":"https:\/\/realitatearutiera.ro\/index.php?rest_route=\/wp\/v2\/media\/33241"}],"wp:attachment":[{"href":"https:\/\/realitatearutiera.ro\/index.php?rest_route=%2Fwp%2Fv2%2Fmedia&parent=35755"}],"wp:term":[{"taxonomy":"category","embeddable":true,"href":"https:\/\/realitatearutiera.ro\/index.php?rest_route=%2Fwp%2Fv2%2Fcategories&post=35755"},{"taxonomy":"post_tag","embeddable":true,"href":"https:\/\/realitatearutiera.ro\/index.php?rest_route=%2Fwp%2Fv2%2Ftags&post=35755"}],"curies":[{"name":"wp","href":"https:\/\/api.w.org\/{rel}","templated":true}]}}