{"id":35757,"date":"2018-05-09T07:59:13","date_gmt":"2018-05-09T04:59:13","guid":{"rendered":"http:\/\/realitatearutiera.ro\/?p=35757"},"modified":"2018-05-09T07:59:13","modified_gmt":"2018-05-09T04:59:13","slug":"9-mai-ziua-victoriei-coalitiei-natiunilor-unite-in-cel-de-al-doilea-razboi-mondial-2","status":"publish","type":"post","link":"https:\/\/realitatearutiera.ro\/?p=35757","title":{"rendered":"9 mai &#8211; Ziua Victoriei Coali\u0163iei Na\u0163iunilor Unite \u00een cel de-Al Doilea R\u0103zboi Mondial"},"content":{"rendered":"<p>Ziua de 9 mai este cunoscut\u0103 drept Ziua Victoriei Coali\u0163iei Na\u0163iunilor Unite \u00een cel de-Al Doilea R\u0103zboi Mondial, reprezent\u00e2nd semnarea actului de capitulare necondi\u0163ionat\u0103 a Germaniei naziste, fapt care a dus la \u00eencheierea \u00een Europa a celui de-Al Doilea R\u0103zboi Mondial.<\/p>\n<p>La 7 mai 1945, la Reims, a fost semnat un prim act de capitulare necondi\u0163ionat\u0103 a Germaniei, noteaz\u0103 volumul &#8221;Repere de cronologie interna\u0163ional\u0103 1914-1945&#8221; (1982). Documentul a fost semnat, din partea Germaniei, de feldmare\u015falul Alfred Gustav Jodl, amiralul Friedeburg \u015fi generalul-maior Wilhelm Oxenius, iar din partea alia\u0163ilor de generalul locotenent britanic Sir Frederick Morgan, generalul francez Francois Sevez, amiralul H. M. Burrugh, comandantul for\u0163ei navale expedi\u0163ionare aliate, generalul-locotenent Walther Bedell Smith, \u015feful statului major al armatelor aliate, generalul Karl Spaatz, comandantul for\u0163elor aeriene ale SUA, generalul-locotenent Ivan Cermi\u015fev \u015fi generalul-locotenent Ivan Susloparov din partea URSS.<\/p>\n<p>Procesul de capitulare a Germaniei a fost reluat \u00een noaptea de 8 spre 9 mai 1945, \u00een cartierul general al armatei sovietice din Belin-Karlhorst, la dorin\u0163a expres\u0103 a conduc\u0103torului sovietic Iosif V. Stalin. De aceast\u0103 dat\u0103, documentul a fost semnat de c\u0103tre mare\u015falul Wilhelm Keitel, generalul Stumpf \u015fi amiralul Friedeburg din partea Germaniei, de c\u0103tre mare\u015falul G.K. Jukov din partea Comandamentului suprem sovietic, de mare\u015falul britanic Arthur B. Tedder, generalul american K. Spaatz \u015fi generalul francez J. de Lattre de Tassigny.<\/p>\n<p>\u00cen urma semn\u0103rii actului de capitulare necondi\u0163ionat\u0103 a Germaniei naziste s-a \u00eencheiat, \u00een Europa, cel mai mare conflict din istorie, \u00een care \u015fi-au pierdut via\u0163a peste 60 de milioane de oameni, militari \u015fi civili. Pentru prima dat\u0103, pierderile civile sunt mai mari dec\u00e2t cele militare. Urm\u0103rile r\u0103zboiului, inclusiv schimb\u0103rile geopolitice, culturale \u015fi economice, au fost f\u0103r\u0103 precedent. Cel de-Al Doilea R\u0103zboi Mondial a luat sf\u00e2r\u015fit odat\u0103 cu capitularea Japoniei, \u00een urma bombardamentelor nucleare asupra ora\u015felor Hiroshima \u015fi Nagasaki (6 \u015fi 9 august), armisti\u0163iul fiind semnat la 2 septembrie 1945, pe puntea cuirasatului Missouri.<\/p>\n<p>\u00cen acest context, Ziua Victoriei este s\u0103rb\u0103torit\u0103 la 9 mai de cele mai multe \u0163\u0103ri din estul Europei, printre care \u015fi Rom\u00e2nia, dar \u015fi de statele care au apar\u0163inut fostei URSS sau fostei Iugoslavii, \u00een timp ce \u00een Marea Britanie, Fran\u0163a, Slovacia, Cehia, Norvegia, \u0162\u0103rile Baltice \u015fi \u00een unele regiuni din Germania, Ziua Victoriei este s\u0103rb\u0103torit\u0103 \u00een ziua de 8 mai.<\/p>\n<p>Cel de-Al Doilea R\u0103zboi Mondial a fost declan\u015fat \u00een zorii zilei de 1 septembrie 1939, c\u00e2nd trupele germane au invadat Polonia pe toat\u0103 lungimea grani\u0163ei comune. Dou\u0103 zile mai t\u00e2rziu, Marea Britanie \u015fi Fran\u0163a au declarat r\u0103zboi Germaniei, treptat intr\u00e2nd \u00een conflict mai multe state. La 5 septembrie, Guvernul SUA \u015fi-a declarat neutralitatea fa\u0163\u0103 de conflictul izbucnit \u00een Europa, potrivit volumului &#8221;Al Doilea R\u0103zboi Mondial&#8221; (Henri Michel, 2006).<\/p>\n<p>Var\u015fovia a capitulat, la 27 septembrie 1939, ca urmare a gravelor \u00eenfr\u00e2ngeri suferite de Polonia, o zi mai t\u00e2rziu fiind semnat la Moscova un tratat germano-sovietic prin care s-au stabilit grani\u0163ele \u00eentre URSS \u015fi Germania dup\u0103 pr\u0103bu\u015firea statului polonez. Partea de vest a Poloniei a fost anexat\u0103 la cel de-al III-lea Reich german, restul teritoriului afl\u00e2ndu-se sub conducerea &#8221;Guvern\u0103m\u00e2ntului general al regiunilor poloneze ocupate&#8221;.<\/p>\n<p>A urmat perioada &#8221;r\u0103zboiului ciudat&#8221; c\u00e2nd \u00eentre 17 octombrie 1939 \u015fi 9 aprilie 1940, la grani\u0163a franco-german\u0103, nu s-au mai desf\u0103\u015furat ostilit\u0103\u0163i germane. La 9 aprilie 1940, trupele Germaniei naziste au invadat Danemarca \u015fi Norvegia. \u00cen prima \u0163ar\u0103 succesul a fost total, \u00een cea de-a doua rezisten\u0163a militar\u0103 a fost mai puternic\u0103.<\/p>\n<p>Ofensiva german\u0103 \u00een Europa occidental\u0103 a fost declan\u015fat\u0103 la 10 mai 1940, c\u00e2nd au fost atacate, cu for\u0163e puternice (motorizate \u015fi avia\u0163ie), Belgia, Olanda \u015fi Fran\u0163a, Parisul fiind ocupat la 14 iunie. \u00cencercarea germanilor de a invada Marea Britanie prin opera\u0163ia &#8221;Leul de mare&#8221; a e\u015fuat \u00een vara aceluia\u015fi an, din cauza rezisten\u0163ei opuse de avia\u0163ia militar\u0103 britanic\u0103, aminte\u015fte volumul amintit mai sus. \u00cen aprilie 1941 au fost ocupate Iugoslavia, apoi Grecia.<\/p>\n<p>La 22 iunie 1941, trupele Reich-ului \u015fi cele ale alia\u0163ilor s\u0103i au atacat Uniunea Sovietic\u0103, \u00een cadrul Opera\u0163iunii Barbarossa. E\u015fecul &#8221;r\u0103zboiului-fulger&#8221; era evident, pentru c\u0103 oric\u00e2t de mari au fost eforturile depuse, Leningradul \u015fi Moscova nu au putut fi cucerite.<\/p>\n<p>O grupare aeronaval\u0103 nipon\u0103 a atacat surprinz\u0103tor, la 7 decembrie 1941, baza de la Pearl Harbour, unde era concentrat\u0103 flota american\u0103 din Pacific. \u00cen aprilie 1942, americanii au bombardat Tokyo, iar japonezii au decis s\u0103 continue opera\u0163iunile ofensive p\u00e2n\u0103 \u00een insulele Aleutine \u015fi Hawaii. \u00cenaintarea lor a fost oprit\u0103 \u00een sud, la Guadalcanal, unde militarii americani au executat \u00een august 1942, prima lor opera\u0163iune amfibie de debarcare, potrivit volumului &#8221;Al Doilea R\u0103zboi Mondial&#8221; (Henri Michel, 1996). Aici au luptat p\u00e2n\u0103 \u00een februarie 1943 pentru cucerirea acestui punct strategic.<\/p>\n<p>Debarcarea anglo-american\u0103 \u00een Maroc \u015fi Algeria (noiembrie 1942) a permis \u00eencercuirea \u015fi distrugerea for\u0163elor germano-italiene \u015fi a pus cap\u0103t r\u0103zboiului din Africa (mai 1943), dup\u0103 lupte grele, duse mai ales pe teritoriul Tunisiei. La sf\u00e2r\u015fitul lunii august 1942, armata a VI-a german\u0103, condus\u0103 de generalul Paulus, a ajuns la Stalingrad.<\/p>\n<p>Un nou front s-a deschis \u00een Europa la 6 iunie 1944, Ziua Z, Alia\u0163ii asigur\u00e2nd un cap de pod pentru succesul opera\u0163iunii Overlord, conduse de generalul american Dwight D. Eisenhower. Normandia a reprezentat doar \u00eenceputul unei ample ofensive pe noul front din vestul Europei. Trupele aliate au eliberat ulterior Fran\u0163a, Belgia, Luxemburgul \u015fi Olanda, p\u0103trunz\u00e2nd \u00een inima Germaniei c\u00e2teva luni mai t\u00e2rziu.<\/p>\n<p>\u00cen vara anului 1944, Armata Ro\u015fie a lansat o puternic\u0103 ofensiv\u0103 general\u0103 \u00eempotriva armatelor germane. La 23 august, Rom\u00e2nia s-a al\u0103turat Na\u0163iunilor Unite, provoc\u00e2nd o bre\u015f\u0103 masiv\u0103 \u00een sistemul defensiv german. Militarii rom\u00e2ni al\u0103turi de cei sovietici au dep\u0103\u015fit rapid aliniamentul Mun\u0163ilor Carpa\u0163i, \u00eencep\u00e2nd ac\u0163iunile de eliberare a nord-estului Rom\u00e2niei, Ungariei, Austriei, Cehoslovaciei etc. La 25 octombrie 1944, tot teritoriul Rom\u00e2niei era complet eliberat de sub ocupa\u0163ia fascist\u0103. Ca urmare a acestei ofensive, Germania \u015fi-a retras tot dispozitivul militar din Balcani. Tot \u00een 1944, Alia\u0163ii au ob\u0163inut controlul asupra spa\u0163iului aerian al Europei, Germania fiind supus\u0103 unei ample campanii de bombardament. Pe frontul din Pacific, Statele Unite au recucerit arhipelagul Filipinelor \u015fi o serie de puncte strategice.<\/p>\n<p>\u00cen Est, sovieticii au declan\u015fat, la \u00eenceputul anului 1945, o puternic\u0103 ofensiv\u0103 pe toat\u0103 linia frontului, ating\u00e2nd frontierele Germaniei. Pe Frontul de Vest, dup\u0103 e\u015fecul ofensivei germane din Ardeni, din decembrie 1944, Alia\u0163ii au lansat o vast\u0103 ofensiv\u0103, p\u0103trunz\u00e2nd pe teritoriul german. Armatele sovietice \u015fi cele anglo-americane s-au \u00eent\u00e2lnit pe Elba \u00een prim\u0103var\u0103, Berlinul fiind \u00eenconjurat de Armata Ro\u015fie. \u00cen primele zile din mai, trupele germane au capitulat.<\/p>\n<p>Sursa:agerpres.ro<\/p>\n","protected":false},"excerpt":{"rendered":"<p>Ziua de 9 mai este cunoscut\u0103 drept Ziua Victoriei Coali\u0163iei Na\u0163iunilor Unite \u00een cel de-Al Doilea R\u0103zboi Mondial, reprezent\u00e2nd semnarea<\/p>\n","protected":false},"author":1,"featured_media":35758,"comment_status":"closed","ping_status":"closed","sticky":false,"template":"","format":"standard","meta":{"spay_email":"","footnotes":"","jetpack_publicize_message":""},"categories":[11],"tags":[],"class_list":["post-35757","post","type-post","status-publish","format-standard","has-post-thumbnail","hentry","category-stiri-interne"],"jetpack_featured_media_url":"https:\/\/i2.wp.com\/realitatearutiera.ro\/wp-content\/uploads\/2018\/05\/9MAI.jpg?fit=650%2C433&ssl=1","jetpack_publicize_connections":[],"jetpack_sharing_enabled":true,"jetpack_shortlink":"https:\/\/wp.me\/p61naM-9iJ","jetpack-related-posts":[],"_links":{"self":[{"href":"https:\/\/realitatearutiera.ro\/index.php?rest_route=\/wp\/v2\/posts\/35757","targetHints":{"allow":["GET"]}}],"collection":[{"href":"https:\/\/realitatearutiera.ro\/index.php?rest_route=\/wp\/v2\/posts"}],"about":[{"href":"https:\/\/realitatearutiera.ro\/index.php?rest_route=\/wp\/v2\/types\/post"}],"author":[{"embeddable":true,"href":"https:\/\/realitatearutiera.ro\/index.php?rest_route=\/wp\/v2\/users\/1"}],"replies":[{"embeddable":true,"href":"https:\/\/realitatearutiera.ro\/index.php?rest_route=%2Fwp%2Fv2%2Fcomments&post=35757"}],"version-history":[{"count":1,"href":"https:\/\/realitatearutiera.ro\/index.php?rest_route=\/wp\/v2\/posts\/35757\/revisions"}],"predecessor-version":[{"id":35759,"href":"https:\/\/realitatearutiera.ro\/index.php?rest_route=\/wp\/v2\/posts\/35757\/revisions\/35759"}],"wp:featuredmedia":[{"embeddable":true,"href":"https:\/\/realitatearutiera.ro\/index.php?rest_route=\/wp\/v2\/media\/35758"}],"wp:attachment":[{"href":"https:\/\/realitatearutiera.ro\/index.php?rest_route=%2Fwp%2Fv2%2Fmedia&parent=35757"}],"wp:term":[{"taxonomy":"category","embeddable":true,"href":"https:\/\/realitatearutiera.ro\/index.php?rest_route=%2Fwp%2Fv2%2Fcategories&post=35757"},{"taxonomy":"post_tag","embeddable":true,"href":"https:\/\/realitatearutiera.ro\/index.php?rest_route=%2Fwp%2Fv2%2Ftags&post=35757"}],"curies":[{"name":"wp","href":"https:\/\/api.w.org\/{rel}","templated":true}]}}