{"id":35892,"date":"2018-05-11T08:18:07","date_gmt":"2018-05-11T05:18:07","guid":{"rendered":"http:\/\/realitatearutiera.ro\/?p=35892"},"modified":"2018-05-11T08:20:26","modified_gmt":"2018-05-11T05:20:26","slug":"35892","status":"publish","type":"post","link":"https:\/\/realitatearutiera.ro\/?p=35892","title":{"rendered":"Noaptea Muzeelor 2018"},"content":{"rendered":"<p><em><strong>Noaptea Muzeelor 2018.<\/strong>\u00a0<\/em>Anul acesta, muzeele \u00ee\u0219i vor deschide por\u021bile \u00een noaptea de s\u00e2mb\u0103t\u0103, 19 mai, \u00eentre orele 17:00 \u0219i 07:00.<\/p>\n<p>Evenimentul nu are loc doar \u00een Rom\u00e2nia, ci \u00een toat\u0103 Europa. Mii de institu\u021bii de pe continent \u00ee\u0219i deschid por\u021bile vizitatorilor p\u00e2n\u0103 t\u00e2rziu \u00een noapte.<\/p>\n<p>Ini\u0163iat\u0103 de Ministerul Culturii \u015fi Comunic\u0103rii din Fran\u0163a \u0219i patronat\u0103 \u00een prezent de Consiliul Europei, de UNESCO \u015fi de Consiliul Interna\u0163ional al Muzeelor, Noaptea Muzeelor este un eveniment de succes european desf\u0103\u015furat la nivel interna\u0163ional \u015fi aflat anul acesta la a 14-a edi\u0163ie.<\/p>\n<p>\u00cen Rom\u00e2nia evenimentul este organizat de c\u0103tre Re\u021beaua Na\u021bional\u0103 a Muzeelor, membr\u0103 \u00een conducerea celei mai mari re\u021bele pan-europene a muzeelor Network of European Museum Organisations.<\/p>\n<p><em><strong>Noaptea Muzeelor 2018.<\/strong>\u00a0<\/em>Mii de muzee \u015fi institu\u0163ii culturale din 37 de \u0163\u0103ri europene \u00ee\u0219i aprind luminile \u0219i \u00ee\u0219i deschid por\u021bile \u00een aceea\u0219i noapte. Milioane de europeni s\u0103rb\u0103toresc cultura ie\u0219ind pe str\u0103zi \u00een aceea\u0219i noapte, \u00eenso\u021bi\u021bi de prieteni \u0219i familii.<\/p>\n<p>\u00cen Capital\u0103 44 de institu\u021bii vor participa la Nopatea Muzeelor, printre care se num\u0103r\u0103 Muzeul Parfumului \u0219i Muzeul Kitsch-ului.<\/p>\n<p><em><strong>Noaptea Muzeelor 2018.<\/strong>\u00a0<\/em>\u00cen \u0163ar\u0103 vor fi organizate 32 de trasee, circuite ghidate \u2013 \u201cdetectivistic\u0103 pe obiecte\u201d -, iar \u00eencep\u00e2nd cu data de 7 mai, Televiziunea Rom\u00e2n\u0103 va difuza, de luni p\u00e2n\u0103 vineri, zece scurtmetraje documentare despre fe\u0163ele ne\u015ftiute \u015fi nev\u0103zute a 10 muzee din Bucure\u015fti, pove\u015fti spuse de Maia Morgenstern.<\/p>\n<h2><em><strong>Noaptea Muzeelor 2018.<\/strong>\u00a0<\/em>Nout\u0103\u021bile edi\u021biei din 2018<\/h2>\n<p>Documentarele au fost realizate cu asisten\u021ba specializat\u0103 a unor exper\u021bi muzeali \u0219i surprind aspecte ne\u0219tiute sau nem\u0103rturisite ale muzeelor selectate:<\/p>\n<p>\u2013 Muzeul \u021a\u0103ranului Rom\u00e2n<\/p>\n<p>\u2013 Muzeul Na\u021bional de Art\u0103 al Rom\u00e2niei<\/p>\n<p>\u2013 Muzeul Na\u021bional de Istorie Natural\u0103 \u201eGrigore Antipa\u201d<\/p>\n<p>\u2013 Muzeul Na\u021bional al Literaturii Rom\u00e2ne<\/p>\n<p>\u2013 Palatul Mogo\u0219oaia<\/p>\n<p>\u2013 Muzeul Na\u021bional de Geologie<\/p>\n<p>\u2013 Centrul expozi\u021bional documentar al Universit\u0103\u021bii de Arhitectur\u0103 \u0219i Urbanism \u201eIon Mincu\u201d<\/p>\n<p>\u2013 Muzeul Na\u021bional Tehnic \u201eProf. ing. Dimitrie Leonida\u201d<\/p>\n<p>\u2013 Muzeul Na\u021bional \u201eGeorge Enescu\u201d<\/p>\n<p>\u2013 Muzeul Na\u021bional al H\u0103r\u021bilor \u0219i C\u0103r\u021bii Vechi<\/p>\n<p><em><strong>Noaptea Muzeelor 2018.<\/strong>\u00a0<\/em>De asemenea, aceast\u0103 edi\u021bie cuprinde \u0219i alte proiecte special g\u00e2ndite pentru a fi c\u00e2t mai prietenoas\u0103 interac\u021biunea \u00eentre muzee \u0219i vizitatori, Questo oferind \u0219i anul acesta trasee muzeale digitale care pot fi explorate gratuit. Peste 34 de muzee au creat, prin aplica\u021bia Questo, tururi prin care publicul va descoperi singur spa\u021biul, pove\u0219tile, expozi\u021biile \u0219i exponatele.<\/p>\n<h3><em><strong>Noaptea Muzeelor 2018.<\/strong>\u00a0<\/em>Lista \u0219i programul muzeelor<\/h3>\n<p><em><strong>Noaptea Muzeelor 2018.<\/strong>\u00a0<\/em>Iat\u0103 o serie de evenimente \u0219i ac\u021biuni culturale care au anun\u021bat deja programul pentru Noaptea Muzeelor 2018:<\/p>\n<p>Romanian Design Week \u2013 Expozi\u021bia Central\u0103<br \/>\n7 PM \u2013 12 AM<\/p>\n<p>Muzeul Universit\u0103\u021bii de Arhitectur\u0103 \u0219i Urbanism \u201cIon Mincu\u201c<br \/>\n7 PM \u2013 12 AM<\/p>\n<p>Castelul Stirbey \u2013 Muzeul Sinaia<\/p>\n<p>Muzeul de Paleontologie-Stratigrafie<br \/>\n7 PM \u2013 1 AM<\/p>\n<p>Opera Comic\u0103 pentru Copii<br \/>\n7 PM \u2013 12 AM<\/p>\n<p>Complexul Muzeal Arad<br \/>\n8 PM \u2013 2 AM<\/p>\n<p>Muzeul Na\u021bional de Art\u0103 al Rom\u00e2niei \u2013 MNaR (Sediul Central)<\/p>\n<p>Muzeul Colec\u021biilor de Art\u0103<\/p>\n<p>Muzeul Na\u021bional de Art\u0103 Contemporan\u0103 \u2013 MNAC<\/p>\n<p>Muzeul Na\u021bional al Avia\u021biei Rom\u00e2ne<\/p>\n<p>Muzeul Na\u021bional Cotroceni<\/p>\n<p>Muzeul Na\u021bional de Istorie Natural\u0103 \u201dGrigore Antipa\u201d<\/p>\n<p>Muzeul Na\u021bional de Geologie<\/p>\n<p>Muzeul Na\u021bional \u201dGeorge Enescu\u201d<\/p>\n<p>Muzeul Na\u021bional al Literaturii Rom\u00e2ne<\/p>\n<p>Muzeul Na\u021bional al Pompierilor \u2013 Foi\u015forul de Foc (observator al incendiilor \u015fi turn de ap\u0103)<\/p>\n<p>Muzeul Na\u021bional al Satului \u201cDimitrie Gusti\u201c<\/p>\n<p>Muzeu Na\u021bional Tehnic prof. ing. Dimitrie Leonida<\/p>\n<p>Muzeul Na\u021bional al \u021a\u0103ranului Rom\u00e2n<\/p>\n<p>Muzeul Na\u021bional al H\u0103r\u021bilor \u0219i C\u0103r\u021bii Vechi<\/p>\n<p>Cimitirul Bellu<\/p>\n<p>Muzeul de Art\u0103 \u201cVasile Grigore pictor \u0219i colec\u021bionar\u201d<\/p>\n<p>Muzeului Militar Na\u021bional \u201cRegele Ferdinand I\u201c<\/p>\n<p>Muzeul C\u0103ilor Ferate \u2013 CENAFER<\/p>\n<p>Muzeul de Istorie \u0219i Cultur\u0103 a Evreilor din Rom\u00e2nia<\/p>\n<p>Muzeul de Art\u0103 Popular\u0103 \u201cDoctor Nicolae Minovici\u201d \u2013 Muzeul Municipiului Bucure\u0219ti<\/p>\n<p>Casa Filipescu-Cesianu \u2013 Muzeul Municipiului Bucure\u0219ti<\/p>\n<p>Muzeul Frederic Storck \u0219i Cecilia Cu\u021bescu Storck \u2013 Muzeul Municipiului Bucure\u0219ti<\/p>\n<p>Muzeul George Severeanu \u2013 Muzeul Municipiului Bucure\u0219ti<\/p>\n<p>Muzeul \u201cLigia \u0219i Pompiliu Macovei\u201d \u2013 Muzeul Municipiului Bucure\u0219ti<\/p>\n<p>Observatorul Astronomic \u201eAmiral Vasile Urseanu\u201d \u2013 Muzeul Municipiului Bucure\u0219ti<\/p>\n<p>Palatul Su\u021bu \u2013 Muzeul Municipiului Bucure\u0219ti<\/p>\n<p>Muzeul Theodor Aman \u2013 Muzeul Municipiului Bucure\u0219ti<\/p>\n<p>Muzeul de Art\u0103 Veche Apusean\u0103 \u201eIng. Dumitru Furnic\u0103 \u2013 Minovici\u201d<\/p>\n<p>Casa memorial\u0103 \u201eLiviu \u0219i Fanny Liviu Rebreanu\u201d<\/p>\n<p>Casa memorial\u0103 \u201eTudor Arghezi \u2013 M\u0103r\u021bi\u0219or\u201d<\/p>\n<p>Casa memorial\u0103 \u201eIon Minulescu \u0219i Claudia Millian\u201d<\/p>\n<p>Casa memorial\u0103 \u201eGeorge \u0219i Agatha Bacovia\u201d<\/p>\n<p>Centrul Cultural Palatele Br\u00e2ncovene\u0219ti, Mogo\u0219oaia<\/p>\n<p>Arhivele Na\u021bionale ale Rom\u00e2niei<\/p>\n<p>A.R.C.E.N.<\/p>\n<p>Casa Experimentelor<\/p>\n<p>ARCUB \u2013 Centrul Cultural al Municipiului Bucure\u0219ti<\/p>\n<p>Biblioteca Central\u0103 Universitar\u0103 \u201dCarol I\u201d<\/p>\n<p>Galeria Galateca<\/p>\n<p>EFdeN 4C<\/p>\n<p>Sursa:realitatea.net<\/p>\n","protected":false},"excerpt":{"rendered":"<p>Noaptea Muzeelor 2018.\u00a0Anul acesta, muzeele \u00ee\u0219i vor deschide por\u021bile \u00een noaptea de s\u00e2mb\u0103t\u0103, 19 mai, \u00eentre orele 17:00 \u0219i 07:00.<\/p>\n","protected":false},"author":1,"featured_media":35893,"comment_status":"closed","ping_status":"closed","sticky":false,"template":"","format":"standard","meta":{"spay_email":"","footnotes":"","jetpack_publicize_message":""},"categories":[6],"tags":[],"class_list":["post-35892","post","type-post","status-publish","format-standard","has-post-thumbnail","hentry","category-social"],"jetpack_featured_media_url":"https:\/\/i1.wp.com\/realitatearutiera.ro\/wp-content\/uploads\/2018\/05\/maxresdefault.jpg?fit=1280%2C720&ssl=1","jetpack_publicize_connections":[],"jetpack_sharing_enabled":true,"jetpack_shortlink":"https:\/\/wp.me\/s61naM-35892","jetpack-related-posts":[],"_links":{"self":[{"href":"https:\/\/realitatearutiera.ro\/index.php?rest_route=\/wp\/v2\/posts\/35892","targetHints":{"allow":["GET"]}}],"collection":[{"href":"https:\/\/realitatearutiera.ro\/index.php?rest_route=\/wp\/v2\/posts"}],"about":[{"href":"https:\/\/realitatearutiera.ro\/index.php?rest_route=\/wp\/v2\/types\/post"}],"author":[{"embeddable":true,"href":"https:\/\/realitatearutiera.ro\/index.php?rest_route=\/wp\/v2\/users\/1"}],"replies":[{"embeddable":true,"href":"https:\/\/realitatearutiera.ro\/index.php?rest_route=%2Fwp%2Fv2%2Fcomments&post=35892"}],"version-history":[{"count":2,"href":"https:\/\/realitatearutiera.ro\/index.php?rest_route=\/wp\/v2\/posts\/35892\/revisions"}],"predecessor-version":[{"id":35895,"href":"https:\/\/realitatearutiera.ro\/index.php?rest_route=\/wp\/v2\/posts\/35892\/revisions\/35895"}],"wp:featuredmedia":[{"embeddable":true,"href":"https:\/\/realitatearutiera.ro\/index.php?rest_route=\/wp\/v2\/media\/35893"}],"wp:attachment":[{"href":"https:\/\/realitatearutiera.ro\/index.php?rest_route=%2Fwp%2Fv2%2Fmedia&parent=35892"}],"wp:term":[{"taxonomy":"category","embeddable":true,"href":"https:\/\/realitatearutiera.ro\/index.php?rest_route=%2Fwp%2Fv2%2Fcategories&post=35892"},{"taxonomy":"post_tag","embeddable":true,"href":"https:\/\/realitatearutiera.ro\/index.php?rest_route=%2Fwp%2Fv2%2Ftags&post=35892"}],"curies":[{"name":"wp","href":"https:\/\/api.w.org\/{rel}","templated":true}]}}