{"id":36087,"date":"2018-05-17T07:38:33","date_gmt":"2018-05-17T04:38:33","guid":{"rendered":"http:\/\/realitatearutiera.ro\/?p=36087"},"modified":"2018-05-17T07:38:33","modified_gmt":"2018-05-17T04:38:33","slug":"situatia-traficului-la-ora-0700-4","status":"publish","type":"post","link":"https:\/\/realitatearutiera.ro\/?p=36087","title":{"rendered":"SITUA\u0162IA TRAFICULUI LA ORA 07:00"},"content":{"rendered":"<p><strong>Centrul INFOTRAFIC din Inspectoratul General al Poli\u0163iei Rom\u00e2ne<\/strong>\u00a0informeaz\u0103 c\u0103 la aceast\u0103 or\u0103 nu sunt semnalate accidente rutiere care s\u0103 impun\u0103 restric\u0163ii de circula\u0163ie pe drumurile na\u0163ionale sau autostr\u0103zile \u0163\u0103rii \u015fi de asemenea nici probleme semnificative de fluen\u0163\u0103 a traficului pe aceste artere.<\/p>\n<p>\u00cencep\u00e2nd de ieri, 16 mai 2018, circula\u0163ia rutier\u0103 a fost reluat\u0103 pe\u00a0<strong>DN 67C\u00a0<\/strong>Transalpina, \u00eentre R\u00e2nca (jude\u0163ul Gorj) \u015fi Ob\u00e2r\u0219ia Lotrului (jude\u0163ul V\u00e2lcea), cu restric\u021bie de vitez\u0103 de 30 km\/or\u0103 \u015fi de tonaj, pentru autoturismele mai mari de 3,5 tone, iar traficul autovehiculelor este permis doar in intervalul orar 08:00 &#8211; 20:00.<\/p>\n<p>Ast\u0103zi, 17 mai 2018, \u00een intervalul orar 11:45 &#8211; 13:00, circula\u0163ia rutier\u0103 va fi oprit\u0103 total pe\u00a0<strong>DN 15<\/strong>, la kilometrul 183, \u00een zona Monumentului \u201eSecu\u201d din municipiul Topli\u0163a, jude\u0163ul Harghita, pentru ceremonialul depunerii de coroane av\u00e2nd \u00een vedere manifest\u0103rile dedicate Zilei Eroilor. De asemenea, tot ast\u0103zi, \u00een intervalul orar, 13:45 -14:45, traficul rutier va fi restric\u0163ionat total \u00een zona central\u0103 a municipiului Topli\u0163a, respectiv pe bulevardul Nicolae B\u0103lcescu, \u00een vederea desf\u0103\u015fur\u0103rii defil\u0103rii.<\/p>\n<p>Amintim c\u0103 \u00eencep\u00e2nd din data 14 mai 20148, s-a \u00eenchis circula\u0163ia rutier\u0103 pentru toate categoriile de autovehicule pe\u00a0<strong>DN21A<\/strong>\u00a0\u00eentre B\u0103r\u0103ganul (km 0, jude\u0163ul Br\u0103ila) \u0219i \u021a\u0103nd\u0103rei (km 21+126, jude\u0163ul Ialomi\u0163a), \u00een vederea execut\u0103rii lucr\u0103rilor de reciclare la rece a straturilor rutiere. Pentru rela\u0163ia B\u0103r\u0103ganul &#8211; \u021a\u0103nd\u0103rei \u015fi retur, traficul rutier se desf\u0103\u015foar\u0103 pe urm\u0103toarea rut\u0103 alternativ\u0103: DN21 (B\u0103r\u0103ganu &#8211; Slobozia), km 89+680 &#8211; DN2A (Slobozia &#8211; T\u0103nd\u0103rei), km 90+250.<\/p>\n<p>\u00cen jude\u0163ul Teleorman, din cauza execut\u0103rii unor lucr\u0103ri la trecerea la nivel cu CF 105 Videle &#8211; Giurgiu, traficul rutier se desf\u0103\u015foar\u0103 pe un fir, alternativ pe\u00a0<strong>DN6\u00a0<\/strong>Alexandria &#8211; Bucure\u015fti, la kilometrul 62+550 de metri, \u00een localitatea Dr\u0103g\u0103ne\u015fti-Vla\u015fca. Circula\u0163ia va fi reluat\u0103 pe parcursul zilei de ast\u0103zi.<\/p>\n","protected":false},"excerpt":{"rendered":"<p>Centrul INFOTRAFIC din Inspectoratul General al Poli\u0163iei Rom\u00e2ne\u00a0informeaz\u0103 c\u0103 la aceast\u0103 or\u0103 nu sunt semnalate accidente rutiere care s\u0103 impun\u0103<\/p>\n","protected":false},"author":1,"featured_media":27311,"comment_status":"closed","ping_status":"closed","sticky":false,"template":"","format":"standard","meta":{"spay_email":"","footnotes":"","jetpack_publicize_message":""},"categories":[54],"tags":[],"class_list":["post-36087","post","type-post","status-publish","format-standard","has-post-thumbnail","hentry","category-informatii-rutiere"],"jetpack_featured_media_url":"https:\/\/i2.wp.com\/realitatearutiera.ro\/wp-content\/uploads\/2017\/09\/infotrafic.jpg?fit=630%2C365&ssl=1","jetpack_publicize_connections":[],"jetpack_sharing_enabled":true,"jetpack_shortlink":"https:\/\/wp.me\/p61naM-9o3","jetpack-related-posts":[],"_links":{"self":[{"href":"https:\/\/realitatearutiera.ro\/index.php?rest_route=\/wp\/v2\/posts\/36087","targetHints":{"allow":["GET"]}}],"collection":[{"href":"https:\/\/realitatearutiera.ro\/index.php?rest_route=\/wp\/v2\/posts"}],"about":[{"href":"https:\/\/realitatearutiera.ro\/index.php?rest_route=\/wp\/v2\/types\/post"}],"author":[{"embeddable":true,"href":"https:\/\/realitatearutiera.ro\/index.php?rest_route=\/wp\/v2\/users\/1"}],"replies":[{"embeddable":true,"href":"https:\/\/realitatearutiera.ro\/index.php?rest_route=%2Fwp%2Fv2%2Fcomments&post=36087"}],"version-history":[{"count":1,"href":"https:\/\/realitatearutiera.ro\/index.php?rest_route=\/wp\/v2\/posts\/36087\/revisions"}],"predecessor-version":[{"id":36088,"href":"https:\/\/realitatearutiera.ro\/index.php?rest_route=\/wp\/v2\/posts\/36087\/revisions\/36088"}],"wp:featuredmedia":[{"embeddable":true,"href":"https:\/\/realitatearutiera.ro\/index.php?rest_route=\/wp\/v2\/media\/27311"}],"wp:attachment":[{"href":"https:\/\/realitatearutiera.ro\/index.php?rest_route=%2Fwp%2Fv2%2Fmedia&parent=36087"}],"wp:term":[{"taxonomy":"category","embeddable":true,"href":"https:\/\/realitatearutiera.ro\/index.php?rest_route=%2Fwp%2Fv2%2Fcategories&post=36087"},{"taxonomy":"post_tag","embeddable":true,"href":"https:\/\/realitatearutiera.ro\/index.php?rest_route=%2Fwp%2Fv2%2Ftags&post=36087"}],"curies":[{"name":"wp","href":"https:\/\/api.w.org\/{rel}","templated":true}]}}