{"id":36250,"date":"2018-05-21T09:48:12","date_gmt":"2018-05-21T06:48:12","guid":{"rendered":"http:\/\/realitatearutiera.ro\/?p=36250"},"modified":"2018-05-21T09:48:12","modified_gmt":"2018-05-21T06:48:12","slug":"inscrierea-copiilor-la-gradinita-incepe-pe-21-mai","status":"publish","type":"post","link":"https:\/\/realitatearutiera.ro\/?p=36250","title":{"rendered":"\u00censcrierea copiilor la gr\u0103dini\u0163\u0103 \u00eencepe pe 21 mai"},"content":{"rendered":"<p>&nbsp;<\/p>\n<p><img decoding=\"async\" src=\"https:\/\/i2.wp.com\/www.monitorulcj.ro\/documente\/stories\/2016\/05\/04\/\/658x400\/copiigradinita.jpg?w=800\" alt=\"Imagini pentru \u00c3\u008enscrierea copiilor la gr\u00c4\u0083dini\u00c5\u00a3\u00c4\u0083 \u00c3\u00aencepe pe 21 mai\" data-recalc-dims=\"1\" \/><\/p>\n<p>Ministerul Educa\u0163iei Na\u0163ionale (MEN) anun\u0163\u0103 c\u0103, luni, 21 mai, \u00eencepe \u00eenscrierea copiilor nou-veni\u0163i la gr\u0103dini\u0163\u0103 pentru anul de \u00eenv\u0103\u0163\u0103m\u00e2nt 2018-2019, transmite Mediafax.<br \/>\nOrarul \u00eenscrierilor va fi stabilit de conducerea unit\u0103\u0163ilor de \u00eenv\u0103\u0163\u0103m\u00e2nt \u015fi va fi afi\u015fat, la loc vizibil, \u00een fiecare gr\u0103dini\u0163\u0103. Totodat\u0103, programul va fi afi\u015fat pe site-ul institu\u0163iei, dar \u015fi pe site-urile inspectoratelor \u015fcolare, precizeaz\u0103 Ministerul Educa\u0163iei Na\u0163ionale, \u00eentr-un comunicat de pres\u0103. \u00cen cazul \u00een care \u00eentr-o unitate de \u00eenv\u0103\u0163\u0103m\u00e2nt, num\u0103rul cererilor de \u00eenscriere este mai mare dec\u00e2t num\u0103rul locurilor libere, atunci vor fi aplicate, succesiv, criterii de departajare generale \u015fi criterii de departajare specifice, precizeaz\u0103 MEN.<\/p>\n<p><strong> Criterii de departajare<\/strong><\/p>\n<p>Criteriile generale de departajare sunt urm\u0103toarele: existen\u0163a unui document care dovede\u015fte c\u0103 un copil este orfan de ambii p\u0103rin\u0163i, existen\u0163a unui act care dovede\u015fte c\u0103 este orfan de un singur p\u0103rinte, un alt membru din familie este \u00eenmatriculat \u00een gr\u0103dini\u0163a respectiv\u0103 sau existen\u0163a unui certificat medical care dovede\u015fte c\u0103 minorul are un grad de handicap. Criteriile specifice de departajare sunt elaborate de fiecare unitate de \u00eenv\u0103\u0163\u0103m\u00e2nt pre\u015fcolar. Acestea nu pot fi discriminatorii \u015fi nu pot include liste de pre\u00eenscrieri. Criteriile specifice de departajare vor fi aplicate doar dup\u0103 epuizarea criteriilor generale.<\/p>\n<p>Conducerea unit\u0103\u0163ilor de \u00eenv\u0103\u0163\u0103m\u00e2nt pre\u015fcolar trebuie s\u0103 afi\u015feze, la vedere, informa\u0163ii despre num\u0103rul copiilor care pot fi \u00eenregistra\u0163i, criteriile generale \u015fi specifice \u015fi num\u0103rul de copii \u00eenscri\u015fi zilnic, \u00een perioada stabilit\u0103, din totalul disponibil. De asemenea, unit\u0103\u0163ile particulare de \u00eenv\u0103\u0163\u0103m\u00e2nt pre\u015fcolar au \u015fi obliga\u0163ia de a afi\u015fa statutul acestora, adic\u0103 dac\u0103 sunt autorizate s\u0103 func\u0163ioneze provizoriu sau sunt acreditate de Agen\u0163ia pentru Asigurarea Calit\u0103\u0163ii \u00een \u00cenv\u0103\u0163\u0103m\u00e2ntul Preuniversitar. Re\u00eenscrierea copiilor care frecventeaz\u0103 gr\u0103dini\u0163a \u00een acest an \u015fcolar \u015fi doresc s\u0103 o frecventeze \u015fi \u00een anul de \u00eenv\u0103\u0163\u0103m\u00e2nt 2018-2019 a \u00eenceput pe 7 mai.<\/p>\n<p>Sursa:adevarul.ro<\/p>\n","protected":false},"excerpt":{"rendered":"<p>&nbsp; Ministerul Educa\u0163iei Na\u0163ionale (MEN) anun\u0163\u0103 c\u0103, luni, 21 mai, \u00eencepe \u00eenscrierea copiilor nou-veni\u0163i la gr\u0103dini\u0163\u0103 pentru anul de \u00eenv\u0103\u0163\u0103m\u00e2nt<\/p>\n","protected":false},"author":1,"featured_media":0,"comment_status":"closed","ping_status":"closed","sticky":false,"template":"","format":"standard","meta":{"spay_email":"","footnotes":"","jetpack_publicize_message":""},"categories":[6],"tags":[],"class_list":["post-36250","post","type-post","status-publish","format-standard","hentry","category-social"],"jetpack_featured_media_url":"","jetpack_publicize_connections":[],"jetpack_sharing_enabled":true,"jetpack_shortlink":"https:\/\/wp.me\/p61naM-9qG","jetpack-related-posts":[],"_links":{"self":[{"href":"https:\/\/realitatearutiera.ro\/index.php?rest_route=\/wp\/v2\/posts\/36250","targetHints":{"allow":["GET"]}}],"collection":[{"href":"https:\/\/realitatearutiera.ro\/index.php?rest_route=\/wp\/v2\/posts"}],"about":[{"href":"https:\/\/realitatearutiera.ro\/index.php?rest_route=\/wp\/v2\/types\/post"}],"author":[{"embeddable":true,"href":"https:\/\/realitatearutiera.ro\/index.php?rest_route=\/wp\/v2\/users\/1"}],"replies":[{"embeddable":true,"href":"https:\/\/realitatearutiera.ro\/index.php?rest_route=%2Fwp%2Fv2%2Fcomments&post=36250"}],"version-history":[{"count":1,"href":"https:\/\/realitatearutiera.ro\/index.php?rest_route=\/wp\/v2\/posts\/36250\/revisions"}],"predecessor-version":[{"id":36251,"href":"https:\/\/realitatearutiera.ro\/index.php?rest_route=\/wp\/v2\/posts\/36250\/revisions\/36251"}],"wp:attachment":[{"href":"https:\/\/realitatearutiera.ro\/index.php?rest_route=%2Fwp%2Fv2%2Fmedia&parent=36250"}],"wp:term":[{"taxonomy":"category","embeddable":true,"href":"https:\/\/realitatearutiera.ro\/index.php?rest_route=%2Fwp%2Fv2%2Fcategories&post=36250"},{"taxonomy":"post_tag","embeddable":true,"href":"https:\/\/realitatearutiera.ro\/index.php?rest_route=%2Fwp%2Fv2%2Ftags&post=36250"}],"curies":[{"name":"wp","href":"https:\/\/api.w.org\/{rel}","templated":true}]}}