{"id":36307,"date":"2018-05-23T07:55:23","date_gmt":"2018-05-23T04:55:23","guid":{"rendered":"http:\/\/realitatearutiera.ro\/?p=36307"},"modified":"2018-05-23T07:56:24","modified_gmt":"2018-05-23T04:56:24","slug":"accident-grav-in-ungaria-in-care-a-fost-implicat-un-microbuz-inmatriculat-in-romania-noua-persoane-au-murit","status":"publish","type":"post","link":"https:\/\/realitatearutiera.ro\/?p=36307","title":{"rendered":"Accident GRAV \u00een Ungaria, \u00een care a fost implicat un microbuz \u00eenmatriculat \u00een Rom\u00e2nia: NOU\u0102 persoane au murit"},"content":{"rendered":"<p class=\"chapeau\">\u00a0Num\u0103rul persoanelor decedate \u00een urma accidentului din Ungaria se ridic\u0103 la nou\u0103, potrivit unui nou bilan\u0163 al Ministerului de Externe, care precizeaz\u0103 c\u0103 patru mor\u0163i sunt rom\u00e2ni, exist\u00e2nd indicii c\u0103 \u015fi restul victimelor ar fi tot cet\u0103\u0163eni rom\u00e2ni. Procedura de identificare este \u00een curs de desf\u0103\u015furare.<\/p>\n<div class=\"ArticleImageContainer\">\n<p><a title=\"Galerie foto Accident grav \u00een Ungaria, \u00een care a fost implicat un microbuz \u00eenmatriculat \u00een Rom\u00e2nia: nou\u0103 persoane au murit | FOTO\" href=\"http:\/\/www.mediafax.ro\/externe\/accident-grav-in-ungaria-in-care-a-fost-implicat-un-microbuz-inmatriculat-in-romania-noua-persoane-au-murit-foto-17226243\/foto\"><img loading=\"lazy\" decoding=\"async\" id=\"main_picture\" class=\"\" src=\"https:\/\/i2.wp.com\/storage0.dms.mpinteractiv.ro\/media\/1\/1\/3614\/17226243\/2\/img-20180522-191722-0.jpg?resize=462%2C345\" alt=\"\" width=\"462\" height=\"345\" data-recalc-dims=\"1\" \/><\/a><\/p>\n<p class=\"articlePhotoCaption\">\n<\/div>\n<div id=\"article_text_content\">\n<div>\n<p><em>&#8220;Conform ultimelor informa\u0163ii ob\u0163inute de echipa consular\u0103 mobil\u0103 prezent\u0103 la fa\u0163a locului, \u00een urma opera\u0163iunilor de descarcerare s-a constatat c\u0103 num\u0103rul persoanelor decedate este de nou\u0103. P\u00e2n\u0103 \u00een prezent, s-a stabilit c\u0103 patru persoane decedate sunt de cet\u0103\u0163enie rom\u00e2n\u0103, exist\u00e2nd indicii c\u0103 \u015fi restul victimelor ar fi cet\u0103\u0163eni rom\u00e2ni, \u00eens\u0103 procedura de identificare se afl\u0103 \u00eenc\u0103 \u00een curs de desf\u0103\u015furare \u015fi se deruleaz\u0103 cu dificultate, dat\u0103 fiind gravitatea accidentului<\/em>&#8220;, anun\u0163\u0103 Ministerul Afacerilor Externe, printr-un comunicat de pres\u0103 remis mar\u0163i sear\u0103 MEDIAFAX.Trupurile ne\u00eensufle\u0163ite vor fi transportate la morg\u0103 pentru efectuarea autopsiei \u015fi a analizelor pe baz\u0103 de ADN.<\/p>\n<p>MAE a cerut autorit\u0103\u0163ilor rom\u00e2ne competente identificarea \u015fi \u00een\u015ftiin\u0163area familiilor din \u0163ar\u0103 ale persoanelor decedate \u00een urma accidentului.Totodat\u0103, av\u00e2nd \u00een vedere num\u0103rul mare de victime, ministrul a dispus activarea Fondului special de urgen\u0163\u0103 aflat la dispozi\u0163ie, pentru a suporta costurile legate de repatrierea trupurilor ne\u00eensufle\u0163ite.<\/p>\n<p>De asemenea, Centrul de Contact \u015fi Suport al Cet\u0103\u0163enilor Rom\u00e2ni din Str\u0103in\u0103tate a fost activat \u00een cadrul Celulei de Criz\u0103 a MAE, pentru preluarea tuturor solicit\u0103rilor de asisten\u0163\u0103 din partea familiilor.Potrivit Poli\u0163iei ungare, accidentul a avut loc mar\u0163i \u00een jurul orei 16.30 (17.30, ora Rom\u00e2niei), \u00een apropierea localit\u0103\u0163ii Cegl\u00e9dbercel, situat\u0103 la circa 50 de kilometri sud-est de Budapesta.<\/p>\n<p>Sursa:mediafax<\/p>\n<\/div>\n<\/div>\n","protected":false},"excerpt":{"rendered":"<p>\u00a0Num\u0103rul persoanelor decedate \u00een urma accidentului din Ungaria se ridic\u0103 la nou\u0103, potrivit unui nou bilan\u0163 al Ministerului de Externe,<\/p>\n","protected":false},"author":1,"featured_media":0,"comment_status":"closed","ping_status":"closed","sticky":false,"template":"","format":"standard","meta":{"spay_email":"","footnotes":"","jetpack_publicize_message":""},"categories":[1],"tags":[],"class_list":["post-36307","post","type-post","status-publish","format-standard","hentry","category-uncategorized"],"jetpack_featured_media_url":"","jetpack_publicize_connections":[],"jetpack_sharing_enabled":true,"jetpack_shortlink":"https:\/\/wp.me\/p61naM-9rB","jetpack-related-posts":[],"_links":{"self":[{"href":"https:\/\/realitatearutiera.ro\/index.php?rest_route=\/wp\/v2\/posts\/36307","targetHints":{"allow":["GET"]}}],"collection":[{"href":"https:\/\/realitatearutiera.ro\/index.php?rest_route=\/wp\/v2\/posts"}],"about":[{"href":"https:\/\/realitatearutiera.ro\/index.php?rest_route=\/wp\/v2\/types\/post"}],"author":[{"embeddable":true,"href":"https:\/\/realitatearutiera.ro\/index.php?rest_route=\/wp\/v2\/users\/1"}],"replies":[{"embeddable":true,"href":"https:\/\/realitatearutiera.ro\/index.php?rest_route=%2Fwp%2Fv2%2Fcomments&post=36307"}],"version-history":[{"count":2,"href":"https:\/\/realitatearutiera.ro\/index.php?rest_route=\/wp\/v2\/posts\/36307\/revisions"}],"predecessor-version":[{"id":36309,"href":"https:\/\/realitatearutiera.ro\/index.php?rest_route=\/wp\/v2\/posts\/36307\/revisions\/36309"}],"wp:attachment":[{"href":"https:\/\/realitatearutiera.ro\/index.php?rest_route=%2Fwp%2Fv2%2Fmedia&parent=36307"}],"wp:term":[{"taxonomy":"category","embeddable":true,"href":"https:\/\/realitatearutiera.ro\/index.php?rest_route=%2Fwp%2Fv2%2Fcategories&post=36307"},{"taxonomy":"post_tag","embeddable":true,"href":"https:\/\/realitatearutiera.ro\/index.php?rest_route=%2Fwp%2Fv2%2Ftags&post=36307"}],"curies":[{"name":"wp","href":"https:\/\/api.w.org\/{rel}","templated":true}]}}