{"id":36615,"date":"2018-05-31T08:18:32","date_gmt":"2018-05-31T05:18:32","guid":{"rendered":"http:\/\/realitatearutiera.ro\/?p=36615"},"modified":"2018-05-31T08:18:32","modified_gmt":"2018-05-31T05:18:32","slug":"judetul-brasov-trafic-intrerupt-pe-dn1-din-cauza-unui-accident-rutier","status":"publish","type":"post","link":"https:\/\/realitatearutiera.ro\/?p=36615","title":{"rendered":"JUDE\u0162UL BRA\u015eOV: TRAFIC \u00ceNTRERUPT PE DN1, DIN CAUZA UNUI ACCIDENT RUTIER"},"content":{"rendered":"<p><strong>Centrul INFOTRAFIC din Inspectoratul General al Poli\u0163iei Rom\u00e2ne<\/strong>\u00a0informeaz\u0103 c\u0103 din cauza unei coliziuni frontale \u00eentre dou\u0103 autoturisme, circula\u0163ia rutier\u0103 pe DN1 (E68) Bra\u015fov \u2013 Sibiu este momentan oprit\u0103 pe ambele sensuri la km 240, \u00een zona localit\u0103\u0163ii bra\u015fovene Beclean. Conduc\u0103torii auto sunt sf\u0103tui\u0163i s\u0103 respecte indica\u0163iile poli\u0163i\u015ftilor rutieri prezen\u0163i la fa\u0163a locului.<\/p>\n","protected":false},"excerpt":{"rendered":"<p>Centrul INFOTRAFIC din Inspectoratul General al Poli\u0163iei Rom\u00e2ne\u00a0informeaz\u0103 c\u0103 din cauza unei coliziuni frontale \u00eentre dou\u0103 autoturisme, circula\u0163ia rutier\u0103 pe<\/p>\n","protected":false},"author":1,"featured_media":30232,"comment_status":"closed","ping_status":"closed","sticky":false,"template":"","format":"standard","meta":{"spay_email":"","footnotes":"","jetpack_publicize_message":""},"categories":[1],"tags":[],"class_list":["post-36615","post","type-post","status-publish","format-standard","has-post-thumbnail","hentry","category-uncategorized"],"jetpack_featured_media_url":"https:\/\/i0.wp.com\/realitatearutiera.ro\/wp-content\/uploads\/2017\/12\/accident-f25.jpg?fit=960%2C540&ssl=1","jetpack_publicize_connections":[],"jetpack_sharing_enabled":true,"jetpack_shortlink":"https:\/\/wp.me\/p61naM-9wz","jetpack-related-posts":[],"_links":{"self":[{"href":"https:\/\/realitatearutiera.ro\/index.php?rest_route=\/wp\/v2\/posts\/36615","targetHints":{"allow":["GET"]}}],"collection":[{"href":"https:\/\/realitatearutiera.ro\/index.php?rest_route=\/wp\/v2\/posts"}],"about":[{"href":"https:\/\/realitatearutiera.ro\/index.php?rest_route=\/wp\/v2\/types\/post"}],"author":[{"embeddable":true,"href":"https:\/\/realitatearutiera.ro\/index.php?rest_route=\/wp\/v2\/users\/1"}],"replies":[{"embeddable":true,"href":"https:\/\/realitatearutiera.ro\/index.php?rest_route=%2Fwp%2Fv2%2Fcomments&post=36615"}],"version-history":[{"count":1,"href":"https:\/\/realitatearutiera.ro\/index.php?rest_route=\/wp\/v2\/posts\/36615\/revisions"}],"predecessor-version":[{"id":36616,"href":"https:\/\/realitatearutiera.ro\/index.php?rest_route=\/wp\/v2\/posts\/36615\/revisions\/36616"}],"wp:featuredmedia":[{"embeddable":true,"href":"https:\/\/realitatearutiera.ro\/index.php?rest_route=\/wp\/v2\/media\/30232"}],"wp:attachment":[{"href":"https:\/\/realitatearutiera.ro\/index.php?rest_route=%2Fwp%2Fv2%2Fmedia&parent=36615"}],"wp:term":[{"taxonomy":"category","embeddable":true,"href":"https:\/\/realitatearutiera.ro\/index.php?rest_route=%2Fwp%2Fv2%2Fcategories&post=36615"},{"taxonomy":"post_tag","embeddable":true,"href":"https:\/\/realitatearutiera.ro\/index.php?rest_route=%2Fwp%2Fv2%2Ftags&post=36615"}],"curies":[{"name":"wp","href":"https:\/\/api.w.org\/{rel}","templated":true}]}}