{"id":36757,"date":"2018-06-04T10:00:28","date_gmt":"2018-06-04T07:00:28","guid":{"rendered":"http:\/\/realitatearutiera.ro\/?p=36757"},"modified":"2018-06-03T22:30:58","modified_gmt":"2018-06-03T19:30:58","slug":"un-motociclist-care-l-a-agresat-in-piata-sfatului-pe-politistul-care-voia-sa-il-amendeze-a-fost-arestat","status":"publish","type":"post","link":"https:\/\/realitatearutiera.ro\/?p=36757","title":{"rendered":"Un motociclist care l-a agresat \u00een Pia\u021ba Sfatului pe poli\u021bistul care voia s\u0103 \u00eel amendeze a fost arestat"},"content":{"rendered":"<p><strong>Un b\u0103rbat din Bucure\u015fti care a intrat cu motocicleta \u00een zona pietonal\u0103 din Pia\u0163a Sfatului din Bra\u015fov \u015fi l-a lovit cu piciorul pe poli\u0163istul local aflat \u00een timpul serviciului care l-a informat c\u0103 va fi sanc\u0163ionat, a fost arestat pentru 30 de zile. El este cercetat pentru ultraj.<br \/>\n<\/strong><br \/>\nReprezentan\u0163ii Poli\u0163iei Jude\u0163ene Bra\u015fov au declarat, duminic\u0103, pentru News.ro, c\u0103 un b\u0103rbat de 38 ani, din municipiul Bucure\u015fti, a p\u0103truns f\u0103r\u0103 permisiune sau autoriza\u0163ie cu motocicleta \u00een Pia\u0163a Sfatului din municipiul Bra\u015fov.<\/p>\n<p>\u201dB\u0103rbatul l-a agresat fizic pe poli\u0163istul local, aflat \u00een timpul serviciului, care i-a comunicat c\u0103 va fi sanc\u0163ionat contraventional pentru fapta comis\u0103\u201d, au precizat reprezentan\u0163ii Poli\u0163iei Bra\u015fov.<\/p>\n<div id=\"articleContent\">Potrivit acestora, b\u0103rbatul, care a lovit poli\u0163istul local cu genunchiul, a fost re\u0163inut pentru 24 ore, introdus \u00een arestul IPJ Bra\u015fov \u015fi este cercetat \u00een continuare sub aspectul s\u0103v\u00e2rsirii infractiunii de ultraj. Ulterior, instan\u0163a a dispus arestarea preventiv\u0103 a acestuia pentru 30 zile.<\/div>\n<div class=\"clear\">sursa: hotnews.ro<\/div>\n","protected":false},"excerpt":{"rendered":"<p>Un b\u0103rbat din Bucure\u015fti care a intrat cu motocicleta \u00een zona pietonal\u0103 din Pia\u0163a Sfatului din Bra\u015fov \u015fi l-a lovit<\/p>\n","protected":false},"author":1,"featured_media":32830,"comment_status":"closed","ping_status":"closed","sticky":false,"template":"","format":"standard","meta":{"spay_email":"","footnotes":"","jetpack_publicize_message":""},"categories":[11],"tags":[],"class_list":["post-36757","post","type-post","status-publish","format-standard","has-post-thumbnail","hentry","category-stiri-interne"],"jetpack_featured_media_url":"https:\/\/i2.wp.com\/realitatearutiera.ro\/wp-content\/uploads\/2018\/02\/politia.jpg?fit=620%2C413&ssl=1","jetpack_publicize_connections":[],"jetpack_sharing_enabled":true,"jetpack_shortlink":"https:\/\/wp.me\/p61naM-9yR","jetpack-related-posts":[],"_links":{"self":[{"href":"https:\/\/realitatearutiera.ro\/index.php?rest_route=\/wp\/v2\/posts\/36757","targetHints":{"allow":["GET"]}}],"collection":[{"href":"https:\/\/realitatearutiera.ro\/index.php?rest_route=\/wp\/v2\/posts"}],"about":[{"href":"https:\/\/realitatearutiera.ro\/index.php?rest_route=\/wp\/v2\/types\/post"}],"author":[{"embeddable":true,"href":"https:\/\/realitatearutiera.ro\/index.php?rest_route=\/wp\/v2\/users\/1"}],"replies":[{"embeddable":true,"href":"https:\/\/realitatearutiera.ro\/index.php?rest_route=%2Fwp%2Fv2%2Fcomments&post=36757"}],"version-history":[{"count":1,"href":"https:\/\/realitatearutiera.ro\/index.php?rest_route=\/wp\/v2\/posts\/36757\/revisions"}],"predecessor-version":[{"id":36758,"href":"https:\/\/realitatearutiera.ro\/index.php?rest_route=\/wp\/v2\/posts\/36757\/revisions\/36758"}],"wp:featuredmedia":[{"embeddable":true,"href":"https:\/\/realitatearutiera.ro\/index.php?rest_route=\/wp\/v2\/media\/32830"}],"wp:attachment":[{"href":"https:\/\/realitatearutiera.ro\/index.php?rest_route=%2Fwp%2Fv2%2Fmedia&parent=36757"}],"wp:term":[{"taxonomy":"category","embeddable":true,"href":"https:\/\/realitatearutiera.ro\/index.php?rest_route=%2Fwp%2Fv2%2Fcategories&post=36757"},{"taxonomy":"post_tag","embeddable":true,"href":"https:\/\/realitatearutiera.ro\/index.php?rest_route=%2Fwp%2Fv2%2Ftags&post=36757"}],"curies":[{"name":"wp","href":"https:\/\/api.w.org\/{rel}","templated":true}]}}