{"id":37239,"date":"2018-06-13T11:00:31","date_gmt":"2018-06-13T08:00:31","guid":{"rendered":"http:\/\/realitatearutiera.ro\/?p=37239"},"modified":"2018-06-13T09:02:29","modified_gmt":"2018-06-13T06:02:29","slug":"se-pregateste-o-noua-taxa-in-capitala-dupa-model-european-gabriela-firea-invoca-poluarea-din-trafic","status":"publish","type":"post","link":"https:\/\/realitatearutiera.ro\/?p=37239","title":{"rendered":"Se preg\u0103te\u015fte O NOU\u0102 TAX\u0102 \u00een Capital\u0103, dup\u0103 model european. Gabriela Firea invoc\u0103 POLUAREA din trafic"},"content":{"rendered":"<p>\u201eAvem \u00een continuare\u00a0<strong>POLUARE<\/strong>\u00a0din cauza traficului. Nu ne-am g\u00e2ndit \u00eenc\u0103 la o\u00a0<strong>TAX\u0102 DE CENTRU<\/strong>, de\u015fi ea s-ar cere. Nu credem c\u0103 Bucure\u015ftiul este\u00a0<strong>preg\u0103tit<\/strong>\u00a0\u015fi nici cet\u0103\u0163enii, f\u0103r\u0103 o consultare larg\u0103 de a pl\u0103ti taxa de a p\u0103trunde \u00een zona de patrimoniu, \u00een zona central\u201d, a declarat mar\u0163i\u00a0<strong>Gabriela Firea<\/strong>, \u00eentr-o conferin\u0163\u0103 de pres\u0103.<\/p>\n<p>Primarul general al Capitalei precizeaz\u0103 \u00eens\u0103 c\u0103 \u015fi alte capitale europene\u00a0<strong>au implementat<\/strong>\u00a0o astfel de tax\u0103.<\/p>\n<p>\u201eTeoretic, dup\u0103 toate componentele \u015fi detaliile europene, taxa ar putea fi\u00a0<strong>instituit\u0103<\/strong>, dar \u00eencerc\u0103m s\u0103 multiplic\u0103m \u015fi s\u0103 dinamiz\u0103m\u00a0<strong>ALTE M\u0102SURI<\/strong>, \u00een special \u00eencurajarea transportului public \u00een comun prin achizi\u0163iile\u00a0<strong>electrice<\/strong>, \u00eencurajarea construirii pistelor pentru\u00a0<strong>bicicli\u015fti<\/strong>\u201d, a mai ad\u0103ugat Gabriela Firea.<\/p>\n<p><iframe loading=\"lazy\" src=\"https:\/\/www.youtube.com\/embed\/CHw-iTDHDXE\" width=\"560\" height=\"315\" frameborder=\"0\" allowfullscreen=\"allowfullscreen\" data-mce-fragment=\"1\"><\/iframe><\/p>\n<p>City Managerul Capitalei\u00a0<strong>Sorin Chiri\u0163\u0103<\/strong>\u00a0declara s\u0103pt\u0103m\u00e2na trecut\u0103, la o conferin\u0163\u0103 de tema mobilit\u0103\u0163ii \u015fi a traficului \u00een ora\u015fe, c\u0103 Prim\u0103ria Capitalei ar putea implementa un\u00a0<strong>TIMBRU DE CENTRU<\/strong>, f\u0103r\u0103 s\u0103 precizeze, \u00eens\u0103, care ar putea fi cuantumul unei asfel de taxe.<\/p>\n<p>\u201eAm delimitat\u00a0<strong>zona central\u0103 extins\u0103<\/strong>, am delimitat \u015fi\u00a0<strong>str\u0103zile<\/strong>\u00a0pe care se va putea introduce timbrul de centru (&#8230;) Nu se va putea \u00eent\u00e2mpla peste noapte, ci dup\u0103 ce vom implementa toate m\u0103surile de reducere a polu\u0103rii, dup\u0103 ce vom aduce autobuzele \u015fi vom face o analiz\u0103 cu privire la acest aspect. Nu putem preciza \u00een prezent care ar putea fi\u00a0<strong>cuantumul<\/strong>\u00a0unui timbru de centru. Dar el nu trebuie s\u0103 fie nici dispropor\u0163ionat, nici exagerat\u201d, a declarat Sorin Chiri\u0163\u0103, \u00een cadrul conferin\u0163ei \u201eViitorul Mobilit\u0103\u0163ii Urbane \u00een Rom\u00e2nia\u201d.<\/p>\n<p>Sorin Chiri\u0163\u0103 a precizat, pentru agen\u0163ia de pres\u0103 MEDIAFAX, c\u0103 aceast\u0103 tax\u0103 ar putea fi aplicat\u0103 pentru str\u0103zi \u015fi bulevarde precum Magheru, Regina Elisabeta sau strada Mihai Eminescu.<\/p>\n<div class=\"onpr_read_more w200\">sursa: gandul.info<\/div>\n","protected":false},"excerpt":{"rendered":"<p>\u201eAvem \u00een continuare\u00a0POLUARE\u00a0din cauza traficului. Nu ne-am g\u00e2ndit \u00eenc\u0103 la o\u00a0TAX\u0102 DE CENTRU, de\u015fi ea s-ar cere. Nu credem c\u0103<\/p>\n","protected":false},"author":1,"featured_media":37240,"comment_status":"closed","ping_status":"closed","sticky":false,"template":"","format":"standard","meta":{"spay_email":"","footnotes":"","jetpack_publicize_message":""},"categories":[6],"tags":[],"class_list":["post-37239","post","type-post","status-publish","format-standard","has-post-thumbnail","hentry","category-social"],"jetpack_featured_media_url":"https:\/\/i0.wp.com\/realitatearutiera.ro\/wp-content\/uploads\/2018\/06\/inel-principal-e3f5150b823902b522-0-0-0-0-01-1052x480.jpg?fit=1052%2C480&ssl=1","jetpack_publicize_connections":[],"jetpack_sharing_enabled":true,"jetpack_shortlink":"https:\/\/wp.me\/p61naM-9GD","jetpack-related-posts":[],"_links":{"self":[{"href":"https:\/\/realitatearutiera.ro\/index.php?rest_route=\/wp\/v2\/posts\/37239","targetHints":{"allow":["GET"]}}],"collection":[{"href":"https:\/\/realitatearutiera.ro\/index.php?rest_route=\/wp\/v2\/posts"}],"about":[{"href":"https:\/\/realitatearutiera.ro\/index.php?rest_route=\/wp\/v2\/types\/post"}],"author":[{"embeddable":true,"href":"https:\/\/realitatearutiera.ro\/index.php?rest_route=\/wp\/v2\/users\/1"}],"replies":[{"embeddable":true,"href":"https:\/\/realitatearutiera.ro\/index.php?rest_route=%2Fwp%2Fv2%2Fcomments&post=37239"}],"version-history":[{"count":1,"href":"https:\/\/realitatearutiera.ro\/index.php?rest_route=\/wp\/v2\/posts\/37239\/revisions"}],"predecessor-version":[{"id":37241,"href":"https:\/\/realitatearutiera.ro\/index.php?rest_route=\/wp\/v2\/posts\/37239\/revisions\/37241"}],"wp:featuredmedia":[{"embeddable":true,"href":"https:\/\/realitatearutiera.ro\/index.php?rest_route=\/wp\/v2\/media\/37240"}],"wp:attachment":[{"href":"https:\/\/realitatearutiera.ro\/index.php?rest_route=%2Fwp%2Fv2%2Fmedia&parent=37239"}],"wp:term":[{"taxonomy":"category","embeddable":true,"href":"https:\/\/realitatearutiera.ro\/index.php?rest_route=%2Fwp%2Fv2%2Fcategories&post=37239"},{"taxonomy":"post_tag","embeddable":true,"href":"https:\/\/realitatearutiera.ro\/index.php?rest_route=%2Fwp%2Fv2%2Ftags&post=37239"}],"curies":[{"name":"wp","href":"https:\/\/api.w.org\/{rel}","templated":true}]}}