{"id":37659,"date":"2018-06-21T15:24:25","date_gmt":"2018-06-21T12:24:25","guid":{"rendered":"http:\/\/realitatearutiera.ro\/?p=37659"},"modified":"2018-06-21T11:32:23","modified_gmt":"2018-06-21T08:32:23","slug":"semnificatii-istorice-pentru-ziua-de-21-iunie-2","status":"publish","type":"post","link":"https:\/\/realitatearutiera.ro\/?p=37659","title":{"rendered":"Semnifica\u0163ii istorice pentru ziua de 21 iunie"},"content":{"rendered":"<p class=\"chapeau\">1527 &#8211; A murit Niccolo Machiavelli, autorul lucr\u0103rii &#8220;Principele&#8221;. Machiavelli a fost un scriitor, diplomat, func\u0163ionar public, filozof \u015fi om politic italian. &#8220;Principele&#8221;, opera cea mai cunoscut\u0103, descrie metodele prin care un principe poate dob\u00e2ndi \u015fi men\u0163ine puterea politic\u0103<\/p>\n<p class=\"shareandviews\">\n<div class=\"ArticleImageContainer\"><a title=\"Galerie foto Semnifica\u0163ii istorice pentru ziua de 21 iunie\" href=\"http:\/\/www.mediafax.ro\/cultura-media\/semnificatii-istorice-pentru-ziua-de-21-iunie-14479643\/foto\"><img loading=\"lazy\" decoding=\"async\" id=\"main_picture\" class=\"\" src=\"https:\/\/i1.wp.com\/storage0.dms.mpinteractiv.ro\/media\/1\/1\/1706\/14479643\/2\/niccolo-machiavelli.jpg?resize=247%2C185\" alt=\"Imaginea articolului Semnifica\u0163ii istorice pentru ziua de 21 iunie\" width=\"247\" height=\"185\" data-recalc-dims=\"1\" \/><\/a><\/div>\n<div id=\"article_text_content\">\n<hr \/>\n<p><strong>1848<\/strong>\u00a0&#8211; Au \u00eenceput mi\u015fc\u0103rile revolu\u0163ionare \u00een \u0162ara Rom\u00e2neasc\u0103<\/p>\n<hr \/>\n<p><strong>1868<\/strong>\u00a0&#8211; Are loc, la Munchen, premiera operei &#8220;Mae\u015ftrii c\u00e2nt\u0103re\u0163i din Nurenberg&#8221; de Richard Wagner<\/p>\n<hr \/>\n<p><strong>1872<\/strong>\u00a0&#8211; Frunta\u015fii politici rom\u00e2ni din Transilvania, \u00eentruni\u0163i la Blaj, au alc\u0103tuit un memoriu \u00een care cereau recunoa\u015fterea limbii rom\u00e2ne ca limb\u0103 oficial\u0103, vorbit\u0103 de majoritatea popula\u0163iei ardelene<\/p>\n<hr \/>\n<p><strong>1878<\/strong>\u00a0&#8211; A avut loc Congresul de la Berlin, convocat de marile puteri nemul\u0163umite de prevederile Tratatului de la San Stefano; \u00een cadrul acestui Congres au fost recunoscute independen\u0163a Rom\u00e2niei \u015fi drepturile asupra Dobrogei<\/p>\n<hr \/>\n<p><strong>1905\u00a0<\/strong>&#8211; S-a n\u0103scut filosoful \u015fi scriitorul francez Jean Paul Sartre, laureat, \u00een anul 1964, al Premiului Nobel, distinc\u0163ie pe care \u00eens\u0103 o refuz\u0103<\/p>\n<hr \/>\n<p><strong>1920<\/strong>\u00a0&#8211; S-a n\u0103scut actorul Puiu C\u0103linescu (m. 16 mai 1997)<\/p>\n<hr \/>\n<p><strong>1991<\/strong>\u00a0&#8211; S-a \u00eencheiat Acordul-cadru de cooperare dintre Guvernul Rom\u00e2niei \u015fi UNICEF<\/p>\n<hr \/>\n<p><strong>1993<\/strong>\u00a0&#8211; S-a semnat Acordul \u00eentre Guvernul Rom\u00e2niei \u015fi Guvernul Australiei privind promovarea \u015fi protejarea reciproc\u0103 a investi\u0163iilor<\/p>\n<div id=\"videoad\"><\/div>\n<hr \/>\n<p><strong>1995<\/strong>\u00a0&#8211; To\u0163i liderii partidelor parlamentare au semnat &#8220;Declara\u0163ia de la Snagov&#8221;, prin care \u015fi-au dat acordul de principiu fa\u0163\u0103 de Strategia na\u0163ional\u0103 pentru preg\u0103tirea ader\u0103rii Rom\u00e2niei la Uniunea European\u0103<\/p>\n<hr \/>\n<p><strong>2001<\/strong>\u00a0&#8211; Comitetul Rom\u00e2n pentru Adop\u0163ii a decis suspendarea, pentru un an, a primirii de noi cereri de adop\u0163ie a unor copii din Rom\u00e2nia de c\u0103tre persoane sau familii din str\u0103in\u0103tate<\/p>\n<hr \/>\n<p><strong>2002<\/strong>\u00a0&#8211; Grupul rus Gazprom \u015fi societatea ucrainean\u0103 de stat Naftogaz au semnat un acord privind transportul de gaze prin Ucraina, pun\u00e2nd cap\u0103t, astfel, unei dispute care a durat un deceniu<\/p>\n<hr \/>\n<p><strong>2008<\/strong>\u00a0&#8211; A \u00eencetat din via\u0163\u0103 Victor Iancu, profesor universitar, lingvist \u015fi fost secretar general al Comisiei Na\u0163ionale pentru UNESCO (n. 25 martie 1936)<\/p>\n<p>Sursa:mediafax<\/p>\n<\/div>\n","protected":false},"excerpt":{"rendered":"<p>1527 &#8211; A murit Niccolo Machiavelli, autorul lucr\u0103rii &#8220;Principele&#8221;. Machiavelli a fost un scriitor, diplomat, func\u0163ionar public, filozof \u015fi om<\/p>\n","protected":false},"author":1,"featured_media":37661,"comment_status":"closed","ping_status":"closed","sticky":false,"template":"","format":"standard","meta":{"spay_email":"","footnotes":"","jetpack_publicize_message":""},"categories":[6],"tags":[],"class_list":["post-37659","post","type-post","status-publish","format-standard","has-post-thumbnail","hentry","category-social"],"jetpack_featured_media_url":"https:\/\/i0.wp.com\/realitatearutiera.ro\/wp-content\/uploads\/2018\/06\/victor-iancu1.jpg?fit=1920%2C2235&ssl=1","jetpack_publicize_connections":[],"jetpack_sharing_enabled":true,"jetpack_shortlink":"https:\/\/wp.me\/p61naM-9Np","jetpack-related-posts":[],"_links":{"self":[{"href":"https:\/\/realitatearutiera.ro\/index.php?rest_route=\/wp\/v2\/posts\/37659","targetHints":{"allow":["GET"]}}],"collection":[{"href":"https:\/\/realitatearutiera.ro\/index.php?rest_route=\/wp\/v2\/posts"}],"about":[{"href":"https:\/\/realitatearutiera.ro\/index.php?rest_route=\/wp\/v2\/types\/post"}],"author":[{"embeddable":true,"href":"https:\/\/realitatearutiera.ro\/index.php?rest_route=\/wp\/v2\/users\/1"}],"replies":[{"embeddable":true,"href":"https:\/\/realitatearutiera.ro\/index.php?rest_route=%2Fwp%2Fv2%2Fcomments&post=37659"}],"version-history":[{"count":1,"href":"https:\/\/realitatearutiera.ro\/index.php?rest_route=\/wp\/v2\/posts\/37659\/revisions"}],"predecessor-version":[{"id":37662,"href":"https:\/\/realitatearutiera.ro\/index.php?rest_route=\/wp\/v2\/posts\/37659\/revisions\/37662"}],"wp:featuredmedia":[{"embeddable":true,"href":"https:\/\/realitatearutiera.ro\/index.php?rest_route=\/wp\/v2\/media\/37661"}],"wp:attachment":[{"href":"https:\/\/realitatearutiera.ro\/index.php?rest_route=%2Fwp%2Fv2%2Fmedia&parent=37659"}],"wp:term":[{"taxonomy":"category","embeddable":true,"href":"https:\/\/realitatearutiera.ro\/index.php?rest_route=%2Fwp%2Fv2%2Fcategories&post=37659"},{"taxonomy":"post_tag","embeddable":true,"href":"https:\/\/realitatearutiera.ro\/index.php?rest_route=%2Fwp%2Fv2%2Ftags&post=37659"}],"curies":[{"name":"wp","href":"https:\/\/api.w.org\/{rel}","templated":true}]}}