{"id":37666,"date":"2018-06-22T07:42:38","date_gmt":"2018-06-22T04:42:38","guid":{"rendered":"http:\/\/realitatearutiera.ro\/?p=37666"},"modified":"2018-06-22T07:42:38","modified_gmt":"2018-06-22T04:42:38","slug":"pleci-la-drum-cum-se-circula-pe-drumurile-nationale-si-autostrazi","status":"publish","type":"post","link":"https:\/\/realitatearutiera.ro\/?p=37666","title":{"rendered":"Pleci la drum? Cum se circul\u0103 pe drumurile na\u0163ionale \u015fi autostr\u0103zi"},"content":{"rendered":"<p>Centrul INFOTRAFIC din Inspectoratul General al Poli\u0163iei Rom\u00e2ne informeaz\u0103 c\u0103 din cauza unui accident rutier \u00een care au fost implicate un autotren \u015fi un atoturism traficul este blocat pe DN1B Buz\u0103u \u2013 Mizil, la kilometrul 22. \u00cen urma evenimentului o persoan\u0103 a fost r\u0103nit\u0103 grav.<\/p>\n<p>Reamintim c\u0103, \u00een perioada\u00a0<strong>21 iunie \u2013 6 iulie 2018<\/strong>, pe autostrada\u00a0<strong>A1 Deva \u2013 N\u0103dlac<\/strong>, \u00een zona localit\u0103\u0163ii Belin\u0163 (<strong>jude\u0163ul Timi\u015f<\/strong>) se vor executa anumite lucr\u0103ri la partea carosabil\u0103. Din acest motiv, pe tronsonul kilometric 468+500 de metri \u2013 463+500 de metri, traficul rutier va fi deviat de pe sensul c\u0103tre Deva pe sensul c\u0103tre N\u0103dlac.<\/p>\n<p>Pentru reducerea riscului de implicare \u00een evenimente rutiere nepl\u0103cute, conduc\u0103torii auto sunt sf\u0103tui\u0163i s\u0103 sporeasc\u0103 aten\u0163ia la volan, s\u0103 semnalizeze din timp orice inten\u0163ie de schimbare a benzii de circula\u0163ie \u015fi s\u0103 reduc\u0103 viteza \u00een zona de efectuare a repara\u0163iilor semnalizate.<\/p>\n<p>La nivelul \u0163\u0103rii sunt \u00eenchise circula\u0163iei rutiere patru drumuri na\u0163ionale:<\/p>\n<p>&#8211;<strong>\u00a0DN 7C<\/strong>\u00a0Transf\u0103g\u0103r\u0103\u0219an \u00eentre Piscu Negru (jude\u0163ul Arge\u015f) \u015fi B\u00e2lea Cascad\u0103 (jude\u0163ul Sibiu), pe tronsonul kilometric 104 &#8211; 131, p\u00e2n\u0103 la finalul lunii iunie 2018, conform Regulamentului de Func\u0163ionare nr. 524\/2015;<\/p>\n<p>&#8211;\u00a0<strong>DN 12B<\/strong>\u00a0T\u00e2rgu Ocna &#8211; Sl\u0103nic Moldova (jude\u0163ul Bac\u0103u), la kilometrul 0+450 de metri, din cauza alunec\u0103rilor de teren ce au condus la tasarea platformei drumului \u015fi apari\u0163ia fisurilor la partea carosabil\u0103;<\/p>\n<p>&#8211;\u00a0<strong>DN 21A<\/strong>\u00a0\u00eentre B\u0103r\u0103ganul (jude\u0163ul Br\u0103ila) \u015fi \u0162\u0103nd\u0103rei (jude\u0163ul Ialomi\u0163a), pe tronsonul kilometric 0 &#8211; 21, p\u00e2n\u0103 \u00een data de 30.06.2018, pentru efectuarea lucr\u0103rilor de repara\u0163ii asupra p\u0103r\u0163ii carosabile;<\/p>\n<p>&#8211;\u00a0<strong>DN 66A<\/strong>\u00a0\u00eentre C\u00e2mpu lui Neag (jude\u0163ul Hunedoara) \u0219i Cerna Sat (jude\u0163ul Gorj), \u00eentre kilometrii 47 \u015fi 88, p\u00e2n\u0103 la finalul anului 2018, ca urmare a alunec\u0103rilor de teren, c\u0103derilor de copaci sau ced\u0103rilor de terasament.<\/p>\n<p>Nici \u00een ceea ce prive\u015fte traficul aerian, feroviar \u015fi maritim nu sunt anun\u0163ate probleme majore, circula\u0163ia desf\u0103\u015fur\u00e2ndu-se \u00een condi\u0163ii normale.<\/p>\n<p>Sursa:livetraffic<\/p>\n","protected":false},"excerpt":{"rendered":"<p>Centrul INFOTRAFIC din Inspectoratul General al Poli\u0163iei Rom\u00e2ne informeaz\u0103 c\u0103 din cauza unui accident rutier \u00een care au fost implicate<\/p>\n","protected":false},"author":1,"featured_media":37667,"comment_status":"closed","ping_status":"closed","sticky":false,"template":"","format":"standard","meta":{"spay_email":"","footnotes":"","jetpack_publicize_message":""},"categories":[54],"tags":[],"class_list":["post-37666","post","type-post","status-publish","format-standard","has-post-thumbnail","hentry","category-informatii-rutiere"],"jetpack_featured_media_url":"https:\/\/i1.wp.com\/realitatearutiera.ro\/wp-content\/uploads\/2018\/06\/drumuri-nationale.jpg?fit=760%2C420&ssl=1","jetpack_publicize_connections":[],"jetpack_sharing_enabled":true,"jetpack_shortlink":"https:\/\/wp.me\/p61naM-9Nw","jetpack-related-posts":[],"_links":{"self":[{"href":"https:\/\/realitatearutiera.ro\/index.php?rest_route=\/wp\/v2\/posts\/37666","targetHints":{"allow":["GET"]}}],"collection":[{"href":"https:\/\/realitatearutiera.ro\/index.php?rest_route=\/wp\/v2\/posts"}],"about":[{"href":"https:\/\/realitatearutiera.ro\/index.php?rest_route=\/wp\/v2\/types\/post"}],"author":[{"embeddable":true,"href":"https:\/\/realitatearutiera.ro\/index.php?rest_route=\/wp\/v2\/users\/1"}],"replies":[{"embeddable":true,"href":"https:\/\/realitatearutiera.ro\/index.php?rest_route=%2Fwp%2Fv2%2Fcomments&post=37666"}],"version-history":[{"count":1,"href":"https:\/\/realitatearutiera.ro\/index.php?rest_route=\/wp\/v2\/posts\/37666\/revisions"}],"predecessor-version":[{"id":37668,"href":"https:\/\/realitatearutiera.ro\/index.php?rest_route=\/wp\/v2\/posts\/37666\/revisions\/37668"}],"wp:featuredmedia":[{"embeddable":true,"href":"https:\/\/realitatearutiera.ro\/index.php?rest_route=\/wp\/v2\/media\/37667"}],"wp:attachment":[{"href":"https:\/\/realitatearutiera.ro\/index.php?rest_route=%2Fwp%2Fv2%2Fmedia&parent=37666"}],"wp:term":[{"taxonomy":"category","embeddable":true,"href":"https:\/\/realitatearutiera.ro\/index.php?rest_route=%2Fwp%2Fv2%2Fcategories&post=37666"},{"taxonomy":"post_tag","embeddable":true,"href":"https:\/\/realitatearutiera.ro\/index.php?rest_route=%2Fwp%2Fv2%2Ftags&post=37666"}],"curies":[{"name":"wp","href":"https:\/\/api.w.org\/{rel}","templated":true}]}}