{"id":3787,"date":"2015-08-03T08:46:20","date_gmt":"2015-08-03T08:46:20","guid":{"rendered":"http:\/\/realitatearutiera.ro\/?p=3787"},"modified":"2015-08-03T08:46:20","modified_gmt":"2015-08-03T08:46:20","slug":"grav-accident-rutier-la-arad-un-tir-a-lovit-doua-autobuze","status":"publish","type":"post","link":"https:\/\/realitatearutiera.ro\/?p=3787","title":{"rendered":"Grav accident rutier la Arad! Un tir a lovit doua autobuze!"},"content":{"rendered":"<p>O persoan\u0103 a murit \u0219i alte nou\u0103 au fost r\u0103nite \u00eentr-un accident produs, luni diminea\u021b\u0103,\u00a0\u00een jude\u021bul Arad, dup\u0103 ce un TIR a lovit dou\u0103 autobuze, informeaz\u0103 <a href=\"http:\/\/www.mediafax.ro\" target=\"_blank\">Mediafax<\/a>.<\/p>\n<p>Accidentul a avut loc pe DN 79, \u00een zona localit\u0103\u021bii N\u0103dab, unde un TIR a lovit dou\u0103 autobuze care circulau \u00een acela\u0219i sens, unul \u00een spatele celuilalt, potrivit purt\u0103torului de cuv\u00e2nt al Poli\u021biei Jude\u021bene Arad, Ovidiu Liber.<\/p>\n<p>\u0218oferul primului autobuz lovit a murit \u00een urma accidentului, iar nou\u0103 pasageri au fost r\u0103ni\u021bi. O femeie \u0219i patru b\u0103rba\u021bi au suferit r\u0103ni grave \u0219i au fost prelua\u021bi de ambulan\u021be \u0219i echipaje SMURD, fiind transporta\u021bi la Spitalul Clinic Jude\u021bean de Urgen\u021b\u0103 Arad.<\/p>\n<p>sursa rmanialibera.ro<\/p>\n","protected":false},"excerpt":{"rendered":"<p>O persoan\u0103 a murit \u0219i alte nou\u0103 au fost r\u0103nite \u00eentr-un accident produs, luni diminea\u021b\u0103,\u00a0\u00een jude\u021bul Arad, dup\u0103 ce un<\/p>\n","protected":false},"author":1,"featured_media":3698,"comment_status":"open","ping_status":"open","sticky":false,"template":"","format":"standard","meta":{"spay_email":"","footnotes":"","jetpack_publicize_message":""},"categories":[1],"tags":[],"class_list":["post-3787","post","type-post","status-publish","format-standard","has-post-thumbnail","hentry","category-uncategorized"],"jetpack_featured_media_url":"https:\/\/i2.wp.com\/realitatearutiera.ro\/wp-content\/uploads\/2015\/07\/accident11.jpg?fit=620%2C348&ssl=1","jetpack_publicize_connections":[],"jetpack_sharing_enabled":true,"jetpack_shortlink":"https:\/\/wp.me\/p61naM-Z5","jetpack-related-posts":[],"_links":{"self":[{"href":"https:\/\/realitatearutiera.ro\/index.php?rest_route=\/wp\/v2\/posts\/3787","targetHints":{"allow":["GET"]}}],"collection":[{"href":"https:\/\/realitatearutiera.ro\/index.php?rest_route=\/wp\/v2\/posts"}],"about":[{"href":"https:\/\/realitatearutiera.ro\/index.php?rest_route=\/wp\/v2\/types\/post"}],"author":[{"embeddable":true,"href":"https:\/\/realitatearutiera.ro\/index.php?rest_route=\/wp\/v2\/users\/1"}],"replies":[{"embeddable":true,"href":"https:\/\/realitatearutiera.ro\/index.php?rest_route=%2Fwp%2Fv2%2Fcomments&post=3787"}],"version-history":[{"count":1,"href":"https:\/\/realitatearutiera.ro\/index.php?rest_route=\/wp\/v2\/posts\/3787\/revisions"}],"predecessor-version":[{"id":3788,"href":"https:\/\/realitatearutiera.ro\/index.php?rest_route=\/wp\/v2\/posts\/3787\/revisions\/3788"}],"wp:featuredmedia":[{"embeddable":true,"href":"https:\/\/realitatearutiera.ro\/index.php?rest_route=\/wp\/v2\/media\/3698"}],"wp:attachment":[{"href":"https:\/\/realitatearutiera.ro\/index.php?rest_route=%2Fwp%2Fv2%2Fmedia&parent=3787"}],"wp:term":[{"taxonomy":"category","embeddable":true,"href":"https:\/\/realitatearutiera.ro\/index.php?rest_route=%2Fwp%2Fv2%2Fcategories&post=3787"},{"taxonomy":"post_tag","embeddable":true,"href":"https:\/\/realitatearutiera.ro\/index.php?rest_route=%2Fwp%2Fv2%2Ftags&post=3787"}],"curies":[{"name":"wp","href":"https:\/\/api.w.org\/{rel}","templated":true}]}}