{"id":37893,"date":"2018-06-27T11:09:07","date_gmt":"2018-06-27T08:09:07","guid":{"rendered":"http:\/\/realitatearutiera.ro\/?p=37893"},"modified":"2018-06-27T11:09:07","modified_gmt":"2018-06-27T08:09:07","slug":"grav-accident-in-timis-doi-tineri-decedati-si-mai-multe-persoane-ranite","status":"publish","type":"post","link":"https:\/\/realitatearutiera.ro\/?p=37893","title":{"rendered":"GRAV accident \u00een Timi\u015f: doi tineri deceda\u0163i \u015fi mai multe persoane r\u0103nite"},"content":{"rendered":"<p><strong>Accident grav \u00een jude\u021bul Timi\u0219, unde doi tineri \u0219i-au pierdut via\u021ba. Alte trei persoane au fost r\u0103nite \u00een urma accidentului care a avut loc \u00eentre localit\u0103\u0163ile timi\u015fene S\u00e2nnicolau Mare \u015fi Ner\u0103u. Accidentul a fost provocat de un \u0219ofer \u00een v\u00e2rst\u0103 de 29 de ani.<\/strong><\/p>\n<div>\u0218oferul de 29 de ani a pierdut controlul volanului \u0219i s-a oprit cu autoturismul \u00eentr-un cap de pod. Potrivit poli\u021bi\u0219tilor, t\u00e2n\u0103rul conducea de la S\u00e2nnicolau Mare spre Ner\u0103u, iar \u00een ma\u0219in\u0103 mai erau cinci persoane, cu v\u00e2rste cuprinse \u00eentre 14 \u0219i 29 de ani.<\/div>\n<div><\/div>\n<div>T\u00e2n\u0103rul \u0219ofer a pierdut controlul volanului pe drum drept. Ma\u0219ina a ie\u0219it \u00een afara p\u0103r\u021bii carosabile, a lovit un parapet \u0219i s-a oprit \u00eentr-un cap de pod. \u00cen urma impactului \u0219i-au pierdut via\u021ba \u0219oferul \u0219i un alt t\u00e2n\u0103r de 29 de ani, care era pasager pe bancheta din spate.<\/div>\n<div>Au fost r\u0103nite dou\u0103 tinere, de 14 \u0219i 18 ani \u0219i al\u021bi doi b\u0103rba\u021bi \u00een v\u00e2rst\u0103 de 24 \u0219i 29 de ani. Cu to\u021bii au avut nevoie de transport la spital pentru \u00eengrijiri medicale. Poli\u021bi\u0219tii au deschis dosar penal pentru ucidere din culp\u0103 \u0219i pentru v\u0103t\u0103mare corporal\u0103 din culp\u0103.<\/div>\n<div><\/div>\n<div>Sursa:libertatea<\/div>\n","protected":false},"excerpt":{"rendered":"<p>Accident grav \u00een jude\u021bul Timi\u0219, unde doi tineri \u0219i-au pierdut via\u021ba. Alte trei persoane au fost r\u0103nite \u00een urma accidentului<\/p>\n","protected":false},"author":1,"featured_media":0,"comment_status":"closed","ping_status":"closed","sticky":false,"template":"","format":"standard","meta":{"spay_email":"","footnotes":"","jetpack_publicize_message":""},"categories":[1],"tags":[],"class_list":["post-37893","post","type-post","status-publish","format-standard","hentry","category-uncategorized"],"jetpack_featured_media_url":"","jetpack_publicize_connections":[],"jetpack_sharing_enabled":true,"jetpack_shortlink":"https:\/\/wp.me\/p61naM-9Rb","jetpack-related-posts":[],"_links":{"self":[{"href":"https:\/\/realitatearutiera.ro\/index.php?rest_route=\/wp\/v2\/posts\/37893","targetHints":{"allow":["GET"]}}],"collection":[{"href":"https:\/\/realitatearutiera.ro\/index.php?rest_route=\/wp\/v2\/posts"}],"about":[{"href":"https:\/\/realitatearutiera.ro\/index.php?rest_route=\/wp\/v2\/types\/post"}],"author":[{"embeddable":true,"href":"https:\/\/realitatearutiera.ro\/index.php?rest_route=\/wp\/v2\/users\/1"}],"replies":[{"embeddable":true,"href":"https:\/\/realitatearutiera.ro\/index.php?rest_route=%2Fwp%2Fv2%2Fcomments&post=37893"}],"version-history":[{"count":1,"href":"https:\/\/realitatearutiera.ro\/index.php?rest_route=\/wp\/v2\/posts\/37893\/revisions"}],"predecessor-version":[{"id":37894,"href":"https:\/\/realitatearutiera.ro\/index.php?rest_route=\/wp\/v2\/posts\/37893\/revisions\/37894"}],"wp:attachment":[{"href":"https:\/\/realitatearutiera.ro\/index.php?rest_route=%2Fwp%2Fv2%2Fmedia&parent=37893"}],"wp:term":[{"taxonomy":"category","embeddable":true,"href":"https:\/\/realitatearutiera.ro\/index.php?rest_route=%2Fwp%2Fv2%2Fcategories&post=37893"},{"taxonomy":"post_tag","embeddable":true,"href":"https:\/\/realitatearutiera.ro\/index.php?rest_route=%2Fwp%2Fv2%2Ftags&post=37893"}],"curies":[{"name":"wp","href":"https:\/\/api.w.org\/{rel}","templated":true}]}}